{"id":273702,"date":"2023-08-02T05:43:00","date_gmt":"2023-08-02T11:43:00","guid":{"rendered":"https:\/\/plazajuarez.mx\/?p=273702"},"modified":"2023-08-01T21:44:49","modified_gmt":"2023-08-02T03:44:49","slug":"cine-de-hoy-289","status":"publish","type":"post","link":"https:\/\/plazajuarez.mx\/historico\/cine-de-hoy-289\/","title":{"rendered":"CINE DE HOY"},"content":{"rendered":"\n<p><strong>Nadador israel\u00ed<\/strong><\/p>\n\n\n\n<p>Uno de los platos fuertes del XXVII del Festival de Cine y Diversidad Sexual\u00a0<\/p>\n\n\n\n<p>Uno de los platos fuertes del XXVII del Festival de Cine y Diversidad Sexual que se celebra en diversas sedes capitalinas incluyendo la Cineteca Nacional y el circuito universitario, es el<em> Nadador<\/em>, segundo largometraje de Adam Kalderon.<\/p>\n\n\n\n<p>El filme form\u00f3 parte del reciente Festival Internacional de Cine Jud\u00edo y era una buena oportunidad para recuperarlo.<\/p>\n\n\n\n<p>El guion del propio realizador de Prahim shel Martzipan narra la historia de Erez (Omer Perelman Striks), un joven que quiere, a toda costa, formar parte del equipo ol\u00edmpico de nataci\u00f3n israel\u00ed.<\/p>\n\n\n\n<p>Pero en el campamento de entrenamiento deber\u00e1 enfrentar una serie de intrigas de sus dem\u00e1s rivales, adem\u00e1s de un severo entrenador.<\/p>\n\n\n\n<p>Erez deber\u00e1 enfrentar sus propios sentimientos, pues se ha enamorado de Nevo Yasur (Asaf Jonas), su principal rival en la obtenci\u00f3n del puesto ol\u00edmpico.<\/p>\n\n\n\n<p>Kalderon muestra el competitivo universo del deporte de alto rendimiento, adem\u00e1s de la discriminaci\u00f3n sexual que sufren deportistas como Paloma (Nadia Kucher) y el propio Erez, por sus preferencias sexuales.<\/p>\n\n\n\n<p>Omar Perelman obtuvo el premio al mejor actor en el Festival Anat Pirchi.<\/p>\n","protected":false},"excerpt":{"rendered":"<p>Nadador israel\u00ed Uno de los platos fuertes del XXVII del Festival de Cine y Diversidad Sexual\u00a0 Uno de los platos fuertes del XXVII del Festival de Cine y Diversidad Sexual que se celebra en diversas sedes capitalinas incluyendo la Cineteca Nacional y el circuito universitario, es el Nadador, segundo largometraje de Adam Kalderon. El filme [&hellip;]<\/p>\n","protected":false},"author":96,"featured_media":273703,"comment_status":"closed","ping_status":"closed","sticky":false,"template":"","format":"standard","meta":{"footnotes":""},"categories":[41,54],"tags":[],"class_list":["post-273702","post","type-post","status-publish","format-standard","has-post-thumbnail","hentry","category-arteria-cultural","category-jorge-carrasco"],"_links":{"self":[{"href":"https:\/\/plazajuarez.mx\/historico\/wp-json\/wp\/v2\/posts\/273702","targetHints":{"allow":["GET"]}}],"collection":[{"href":"https:\/\/plazajuarez.mx\/historico\/wp-json\/wp\/v2\/posts"}],"about":[{"href":"https:\/\/plazajuarez.mx\/historico\/wp-json\/wp\/v2\/types\/post"}],"author":[{"embeddable":true,"href":"https:\/\/plazajuarez.mx\/historico\/wp-json\/wp\/v2\/users\/96"}],"replies":[{"embeddable":true,"href":"https:\/\/plazajuarez.mx\/historico\/wp-json\/wp\/v2\/comments?post=273702"}],"version-history":[{"count":0,"href":"https:\/\/plazajuarez.mx\/historico\/wp-json\/wp\/v2\/posts\/273702\/revisions"}],"wp:featuredmedia":[{"embeddable":true,"href":"https:\/\/plazajuarez.mx\/historico\/wp-json\/wp\/v2\/media\/273703"}],"wp:attachment":[{"href":"https:\/\/plazajuarez.mx\/historico\/wp-json\/wp\/v2\/media?parent=273702"}],"wp:term":[{"taxonomy":"category","embeddable":true,"href":"https:\/\/plazajuarez.mx\/historico\/wp-json\/wp\/v2\/categories?post=273702"},{"taxonomy":"post_tag","embeddable":true,"href":"https:\/\/plazajuarez.mx\/historico\/wp-json\/wp\/v2\/tags?post=273702"}],"curies":[{"name":"wp","href":"https:\/\/api.w.org\/{rel}","templated":true}]}}