{"id":273696,"date":"2023-08-02T05:34:00","date_gmt":"2023-08-02T11:34:00","guid":{"rendered":"https:\/\/plazajuarez.mx\/?p=273696"},"modified":"2023-08-01T21:40:18","modified_gmt":"2023-08-02T03:40:18","slug":"maquina-sin-pies-ni-cabeza","status":"publish","type":"post","link":"https:\/\/plazajuarez.mx\/historico\/maquina-sin-pies-ni-cabeza\/","title":{"rendered":"M\u00c1QUINA; SIN PIES NI CABEZA \u00a0"},"content":{"rendered":"\n<p>&#8220;El problema principal de Cruz Azul se da en la estructura&#8221;, dijo el ex directivo celeste, Ricardo Pel\u00e1ez<\/p>\n\n\n\n<p>CRUZ AZUL actualmente es el \u00faltimo lugar del torneo local y en la League Cup su rendimiento ha sido muy bajo<br><\/p>\n\n\n\n<p>La M\u00e1quina Celeste del Cruz Azul sufri\u00f3, pero avanz\u00f3 a la siguiente fase de la Leagues Cup, sin embargo, la derrota al Inter Miami caus\u00f3 rumores sobre la posible salida de Ricardo Ferretti de la instituci\u00f3n, tomando en cuenta las tres derrotas en el Apertura 2023.<br>Asimismo, durante un an\u00e1lisis hecho previo al juego entre la M\u00e1quina y el Atlanta United, Ricardo Pel\u00e1ez, analista de TUDN, revel\u00f3 la principal causa de la situaci\u00f3n que vive el club.<br>&#8220;El problema principal de Cruz Azul se da en la estructura&#8221;, dijo el ex directivo celeste.<br>&#8220;Mucha gente opinando en las contrataciones&#8221;, asegur\u00f3 Pel\u00e1ez.<br>Tras dicha respuesta de Ricardo, el ex delantero de Cruz Azul, Emanuel Villa, coincidi\u00f3.<br>&#8220;No solamente opinando, sino tambi\u00e9n decidiendo&#8221;, puntualiz\u00f3.<br>Pel\u00e1ez lament\u00f3 la actualidad que enfrenta el equipo, principalmente porque no han encontrado las victorias en el Apertura 2023.<br>&#8220;Desearle un \u00e9xito pronto, porque son muchas derrotas. Un equipo que tiene una gran afici\u00f3n, muy exigente, pero muy solidaria&#8221;, afirm\u00f3.<\/p>\n","protected":false},"excerpt":{"rendered":"<p>&#8220;El problema principal de Cruz Azul se da en la estructura&#8221;, dijo el ex directivo celeste, Ricardo Pel\u00e1ez CRUZ AZUL actualmente es el \u00faltimo lugar del torneo local y en la League Cup su rendimiento ha sido muy bajo La M\u00e1quina Celeste del Cruz Azul sufri\u00f3, pero avanz\u00f3 a la siguiente fase de la Leagues [&hellip;]<\/p>\n","protected":false},"author":81,"featured_media":273697,"comment_status":"closed","ping_status":"closed","sticky":false,"template":"","format":"standard","meta":{"footnotes":""},"categories":[39],"tags":[],"class_list":["post-273696","post","type-post","status-publish","format-standard","has-post-thumbnail","hentry","category-deportiva"],"_links":{"self":[{"href":"https:\/\/plazajuarez.mx\/historico\/wp-json\/wp\/v2\/posts\/273696","targetHints":{"allow":["GET"]}}],"collection":[{"href":"https:\/\/plazajuarez.mx\/historico\/wp-json\/wp\/v2\/posts"}],"about":[{"href":"https:\/\/plazajuarez.mx\/historico\/wp-json\/wp\/v2\/types\/post"}],"author":[{"embeddable":true,"href":"https:\/\/plazajuarez.mx\/historico\/wp-json\/wp\/v2\/users\/81"}],"replies":[{"embeddable":true,"href":"https:\/\/plazajuarez.mx\/historico\/wp-json\/wp\/v2\/comments?post=273696"}],"version-history":[{"count":0,"href":"https:\/\/plazajuarez.mx\/historico\/wp-json\/wp\/v2\/posts\/273696\/revisions"}],"wp:featuredmedia":[{"embeddable":true,"href":"https:\/\/plazajuarez.mx\/historico\/wp-json\/wp\/v2\/media\/273697"}],"wp:attachment":[{"href":"https:\/\/plazajuarez.mx\/historico\/wp-json\/wp\/v2\/media?parent=273696"}],"wp:term":[{"taxonomy":"category","embeddable":true,"href":"https:\/\/plazajuarez.mx\/historico\/wp-json\/wp\/v2\/categories?post=273696"},{"taxonomy":"post_tag","embeddable":true,"href":"https:\/\/plazajuarez.mx\/historico\/wp-json\/wp\/v2\/tags?post=273696"}],"curies":[{"name":"wp","href":"https:\/\/api.w.org\/{rel}","templated":true}]}}