{"id":273694,"date":"2023-08-02T05:33:00","date_gmt":"2023-08-02T11:33:00","guid":{"rendered":"https:\/\/plazajuarez.mx\/?p=273694"},"modified":"2023-08-01T21:34:41","modified_gmt":"2023-08-02T03:34:41","slug":"alcaldia-miguel-hidalgo-ha-protegido-a-153-mujeres-que-fueron-violentadas","status":"publish","type":"post","link":"https:\/\/plazajuarez.mx\/historico\/alcaldia-miguel-hidalgo-ha-protegido-a-153-mujeres-que-fueron-violentadas\/","title":{"rendered":"Alcald\u00eda Miguel Hidalgo ha protegido a 153 mujeres que fueron violentadas"},"content":{"rendered":"\n<p><strong>En la capital mexicana mostraron el trabajo que se realiza en el combate a la violencia contra las mujeres y para que se sientan m\u00e1s seguras<\/strong><\/p>\n\n\n\n<p>La alcald\u00eda Miguel Hidalgo inform\u00f3 que durante los primeros meses de 2023 brind\u00f3 atenci\u00f3n y apoyo a 153 mujeres que denunciaron alg\u00fan tipo de agresi\u00f3n.<\/p>\n\n\n\n<p>Lo anterior, de acuerdo con el alcalde Mauricio Tabe, da muestra de su trabajo en el combate a la violencia contra las mujeres y para que se sientan m\u00e1s seguras.<\/p>\n\n\n\n<p>Precis\u00f3 que, con los Puntos Violeta y las llamadas de emergencia a los n\u00fameros de atenci\u00f3n de la demarcaci\u00f3n, se logr\u00f3 brindar protecci\u00f3n a este n\u00famero de mujeres, incluyendo las que tuvieron que ser resguardadas en la Casa de Emergencia La Fortaleza, al estar en peligro su vida.<\/p>\n\n\n\n<p>Detall\u00f3 que en los primeros seis meses de este a\u00f1o se reportaron 99 casos de mujeres que solicitaron auxilio mediante alguno de los 160 Puntos Violeta instalados en la demarcaci\u00f3n o a trav\u00e9s de llamadas a las l\u00edneas de emergencia.<\/p>\n\n\n\n<p>Se aplic\u00f3 el protocolo de atenci\u00f3n Reacci\u00f3n Violeta, en el que polic\u00edas y param\u00e9dicas dieron la atenci\u00f3n a las mujeres al encontrarse en un momento de violencia por parte de un hombre.<\/p>\n\n\n\n<p>Tabe expuso que el gobierno de Miguel Hidalgo tambi\u00e9n acompa\u00f1\u00f3, a trav\u00e9s de la Unidad para la Defensa de las Mujeres, a 46 v\u00edctimas que se acercaron en busca de orientaci\u00f3n por violencia de g\u00e9nero y, tras ser atendidas, se decidieron a denunciar a sus agresores.<\/p>\n\n\n\n<p>Explic\u00f3 que las abogadas, psic\u00f3logas y trabajadoras sociales acompa\u00f1aron a estas mujeres durante la integraci\u00f3n de las carpetas de investigaci\u00f3n en la Fiscal\u00eda General de Justicia (FGJ) y en todo el proceso hasta su conclusi\u00f3n.<\/p>\n\n\n\n<p>En el caso de los Puntos Violeta, que no s\u00f3lo tienen la funci\u00f3n de ser espacios seguros, sino tambi\u00e9n proporcionan informaci\u00f3n preventiva, Tabe enfatiz\u00f3 que se registraron m\u00e1s de 900 lecturas o descargas en los QR sobre datos de qu\u00e9 hacer en caso de sufrir violencia.<\/p>\n\n\n\n<p>Actualmente 33 mujeres est\u00e1n en proceso de vinculaci\u00f3n e incorporaci\u00f3n para ser beneficiarias del Programa Avanza Contra la Violencia, el cual consiste en el apoyo de 15 mil pesos para vivienda moment\u00e1nea para aquellas que deseen salir del ambiente de agresiones en el que se encuentren.<\/p>\n\n\n\n<p>El alcalde dijo que debido al impacto positivo que presenta la estrategia de protecci\u00f3n a mujeres de Miguel Hidalgo, otras alcald\u00edas y municipios lo han replicado.<\/p>\n","protected":false},"excerpt":{"rendered":"<p>En la capital mexicana mostraron el trabajo que se realiza en el combate a la violencia contra las mujeres y para que se sientan m\u00e1s seguras La alcald\u00eda Miguel Hidalgo inform\u00f3 que durante los primeros meses de 2023 brind\u00f3 atenci\u00f3n y apoyo a 153 mujeres que denunciaron alg\u00fan tipo de agresi\u00f3n. Lo anterior, de acuerdo [&hellip;]<\/p>\n","protected":false},"author":81,"featured_media":273691,"comment_status":"closed","ping_status":"closed","sticky":false,"template":"","format":"standard","meta":{"footnotes":""},"categories":[37],"tags":[],"class_list":["post-273694","post","type-post","status-publish","format-standard","has-post-thumbnail","hentry","category-barandilla"],"_links":{"self":[{"href":"https:\/\/plazajuarez.mx\/historico\/wp-json\/wp\/v2\/posts\/273694","targetHints":{"allow":["GET"]}}],"collection":[{"href":"https:\/\/plazajuarez.mx\/historico\/wp-json\/wp\/v2\/posts"}],"about":[{"href":"https:\/\/plazajuarez.mx\/historico\/wp-json\/wp\/v2\/types\/post"}],"author":[{"embeddable":true,"href":"https:\/\/plazajuarez.mx\/historico\/wp-json\/wp\/v2\/users\/81"}],"replies":[{"embeddable":true,"href":"https:\/\/plazajuarez.mx\/historico\/wp-json\/wp\/v2\/comments?post=273694"}],"version-history":[{"count":0,"href":"https:\/\/plazajuarez.mx\/historico\/wp-json\/wp\/v2\/posts\/273694\/revisions"}],"wp:featuredmedia":[{"embeddable":true,"href":"https:\/\/plazajuarez.mx\/historico\/wp-json\/wp\/v2\/media\/273691"}],"wp:attachment":[{"href":"https:\/\/plazajuarez.mx\/historico\/wp-json\/wp\/v2\/media?parent=273694"}],"wp:term":[{"taxonomy":"category","embeddable":true,"href":"https:\/\/plazajuarez.mx\/historico\/wp-json\/wp\/v2\/categories?post=273694"},{"taxonomy":"post_tag","embeddable":true,"href":"https:\/\/plazajuarez.mx\/historico\/wp-json\/wp\/v2\/tags?post=273694"}],"curies":[{"name":"wp","href":"https:\/\/api.w.org\/{rel}","templated":true}]}}