{"id":273690,"date":"2023-08-02T05:30:00","date_gmt":"2023-08-02T11:30:00","guid":{"rendered":"https:\/\/plazajuarez.mx\/?p=273690"},"modified":"2023-08-01T21:32:55","modified_gmt":"2023-08-02T03:32:55","slug":"destaca-el-imss-indagacion-muy-amplia-sobre-muerte-de-nina","status":"publish","type":"post","link":"https:\/\/plazajuarez.mx\/historico\/destaca-el-imss-indagacion-muy-amplia-sobre-muerte-de-nina\/","title":{"rendered":"Destaca el IMSS &#8220;indagaci\u00f3n muy\u00a0amplia&#8221; sobre muerte de ni\u00f1a"},"content":{"rendered":"\n<p><strong>El tr\u00e1gico siniestro que cobr\u00f3 una vida humana, tuvo lugar en Playa del Carmen<\/strong><\/p>\n\n\n\n<p>Tras la muerte de una ni\u00f1a prensada en un elevador del Instituto Mexicano del Seguro Social (IMSS) en Playa del Carmen, el director del Instituto, Zo\u00e9 Robledo, destac\u00f3 &#8220;una investigaci\u00f3n muy amplia&#8221;.<\/p>\n\n\n\n<p>En la conferencia ma\u00f1anera de este martes, Robledo refiri\u00f3 que de los mil 136 elevadores que tiene el IMSS, 180 son de la marca ITRA, de la que se investiga la adquisici\u00f3n &#8220;porque son los que reportan m\u00e1s fallas&#8221;.<\/p>\n\n\n\n<p>Indic\u00f3 que muchos de los contratos que se operan desde las delegaciones del IMSS estaban con la empresa SITRAVEM, que estaba ya en proceso de salida para permitir la llegada de la marca OTIS.<\/p>\n\n\n\n<p>Zo\u00e9 Robledo resalt\u00f3 los mantenimientos hechos a los elevadores. Respecto SITRAVEM, indic\u00f3 que el primer contrato comenz\u00f3 a gestionarse desde la pasada administraci\u00f3n, en 2018, en el Estado de M\u00e9xico, adem\u00e1s que se revisan los contratos en proceso de rescisi\u00f3n.<\/p>\n\n\n\n<p>&#8220;Lo que es m\u00e1s importante para nosotros es la denuncia penal que presentamos contra esta empresa. \u00bfPor qu\u00e9 una denuncia de esta naturaleza? Porque en la fecha del accidente se hab\u00eda reportado una falla de ese elevador en particular, hab\u00eda acudido personal t\u00e9cnico de esa empresa y no advirti\u00f3 ni gener\u00f3 ninguna se\u00f1al\u00e9tica para evitar el uso de ese elevador&#8221;, mencion\u00f3 el director del IMSS.<\/p>\n\n\n\n<p>Agreg\u00f3 que se mantiene en colaboraci\u00f3n con Quintana Roo para ayudar en las investigaciones.<\/p>\n\n\n\n<p>En el Sal\u00f3n Tesorer\u00eda, Robledo destac\u00f3 la operaci\u00f3n del programa IMSS-Bienestar en 14 estados de la Rep\u00fablica con inversi\u00f3n, adquisici\u00f3n de equipo m\u00e9dico, abasto de medicamentos y contrataci\u00f3n de m\u00e9dicos especialistas, jubilados y cubanos.<\/p>\n","protected":false},"excerpt":{"rendered":"<p>El tr\u00e1gico siniestro que cobr\u00f3 una vida humana, tuvo lugar en Playa del Carmen Tras la muerte de una ni\u00f1a prensada en un elevador del Instituto Mexicano del Seguro Social (IMSS) en Playa del Carmen, el director del Instituto, Zo\u00e9 Robledo, destac\u00f3 &#8220;una investigaci\u00f3n muy amplia&#8221;. En la conferencia ma\u00f1anera de este martes, Robledo refiri\u00f3 [&hellip;]<\/p>\n","protected":false},"author":81,"featured_media":273692,"comment_status":"closed","ping_status":"closed","sticky":false,"template":"","format":"standard","meta":{"footnotes":""},"categories":[37],"tags":[],"class_list":["post-273690","post","type-post","status-publish","format-standard","has-post-thumbnail","hentry","category-barandilla"],"_links":{"self":[{"href":"https:\/\/plazajuarez.mx\/historico\/wp-json\/wp\/v2\/posts\/273690","targetHints":{"allow":["GET"]}}],"collection":[{"href":"https:\/\/plazajuarez.mx\/historico\/wp-json\/wp\/v2\/posts"}],"about":[{"href":"https:\/\/plazajuarez.mx\/historico\/wp-json\/wp\/v2\/types\/post"}],"author":[{"embeddable":true,"href":"https:\/\/plazajuarez.mx\/historico\/wp-json\/wp\/v2\/users\/81"}],"replies":[{"embeddable":true,"href":"https:\/\/plazajuarez.mx\/historico\/wp-json\/wp\/v2\/comments?post=273690"}],"version-history":[{"count":0,"href":"https:\/\/plazajuarez.mx\/historico\/wp-json\/wp\/v2\/posts\/273690\/revisions"}],"wp:featuredmedia":[{"embeddable":true,"href":"https:\/\/plazajuarez.mx\/historico\/wp-json\/wp\/v2\/media\/273692"}],"wp:attachment":[{"href":"https:\/\/plazajuarez.mx\/historico\/wp-json\/wp\/v2\/media?parent=273690"}],"wp:term":[{"taxonomy":"category","embeddable":true,"href":"https:\/\/plazajuarez.mx\/historico\/wp-json\/wp\/v2\/categories?post=273690"},{"taxonomy":"post_tag","embeddable":true,"href":"https:\/\/plazajuarez.mx\/historico\/wp-json\/wp\/v2\/tags?post=273690"}],"curies":[{"name":"wp","href":"https:\/\/api.w.org\/{rel}","templated":true}]}}