{"id":27368,"date":"2016-08-27T13:59:33","date_gmt":"2016-08-27T13:59:33","guid":{"rendered":"http:\/\/plazajuarez.mx\/index\/index.php\/2016\/08\/27\/bolivia-linchan-a-viceministro\/"},"modified":"2016-08-27T13:59:33","modified_gmt":"2016-08-27T13:59:33","slug":"bolivia-linchan-a-viceministro","status":"publish","type":"post","link":"https:\/\/plazajuarez.mx\/historico\/bolivia-linchan-a-viceministro\/","title":{"rendered":"Bolivia: Linchan a viceministro"},"content":{"rendered":"<p dir=\"ltr\" style=\"text-align: justify;\">Rodolfo Illanes, viceministro de R\u00e9gimen Interior del gobierno boliviano, fue linchado el jueves por una turba de mineros por cuenta propia o, como se llaman en Bolivia, \u201ccooperativistas\u201d, los cuales bloquean la principal carretera del pa\u00eds en la localidad de Panduro, a 185 kil\u00f3metros de La Paz.<\/p>\n<p>  <!--more-->  <\/p>\n<p dir=\"ltr\" style=\"text-align: justify;\">Al mismo tiempo, otro \u201ccooperativista\u201d muri\u00f3 en Cochabamba, en un enfrentamiento con la Polic\u00eda, la cual tiene orden de mantener desbloqueada la carretera, la mayor arteria del pa\u00eds en circulaci\u00f3n de mercanc\u00edas y viajeros.<\/p>\n<p dir=\"ltr\" style=\"text-align: justify;\">Visiblemente conmovido, el ministro de Gobierno, Carlos Romero, confirm\u00f3 la noche del jueves la muerte de su colaborador inmediato, quien hab\u00eda ido al lugar del bloqueo para intentar hablar con los mineros que se encuentran movilizados desde el inicio de agosto y que, luego de un par\u00e9ntesis provocado por unos hechos de violencia previos, volvieron a la carga hace ocho d\u00edas.<\/p>\n<p dir=\"ltr\" style=\"text-align: justify;\">Illanes fue \u201ctomado como reh\u00e9n\u201d, lo que no es inaudito dentro de las luchas sindicales bolivianas, si bien se trata de la primera vez desde los a\u00f1os 40 que un acto as\u00ed deriva en la muerte de la autoridad secuestrada.<\/p>\n<p style=\"text-align: justify;\">Durante el d\u00eda, el abogado de 58 a\u00f1os llam\u00f3 varias veces a sus colegas para pedir que la comisi\u00f3n de autoridades que exig\u00edan los mineros viniera a liberarlo. Despu\u00e9s dej\u00f3 de comunicarse, mientras la Polic\u00eda reprim\u00eda el bloqueo. Al cabo del enfrentamiento, un periodista se\u00f1al\u00f3 que hab\u00eda visto su cuerpo debajo de la colina donde hab\u00eda estado previamente, retenido junto a una torre de luz. Al parecer lo mataron a golpes. Su ayudante, el capit\u00e1n Freddy Bobar\u00edn, logr\u00f3 escabullirse y llegar, muy golpeado, a donde estaba la Polic\u00eda. \u00c9l inform\u00f3 que la situaci\u00f3n hab\u00eda sido tensa, pero no violenta, hasta que los mineros se enteraron de la muerte de su compa\u00f1ero Aparaya y, furiosos, formaron una turba en torno a los dos funcionarios retenidos.<\/p>\n","protected":false},"excerpt":{"rendered":"<p>Rodolfo Illanes, viceministro de R\u00e9gimen Interior del gobierno boliviano, fue linchado el jueves por una turba de mineros por cuenta propia o, como se llaman en Bolivia, \u201ccooperativistas\u201d, los cuales bloquean la principal carretera del pa\u00eds en la localidad de Panduro, a 185 kil\u00f3metros de La Paz.<\/p>\n","protected":false},"author":3,"featured_media":0,"comment_status":"open","ping_status":"open","sticky":false,"template":"","format":"standard","meta":{"footnotes":""},"categories":[31],"tags":[],"class_list":["post-27368","post","type-post","status-publish","format-standard","hentry","category-orbe"],"_links":{"self":[{"href":"https:\/\/plazajuarez.mx\/historico\/wp-json\/wp\/v2\/posts\/27368","targetHints":{"allow":["GET"]}}],"collection":[{"href":"https:\/\/plazajuarez.mx\/historico\/wp-json\/wp\/v2\/posts"}],"about":[{"href":"https:\/\/plazajuarez.mx\/historico\/wp-json\/wp\/v2\/types\/post"}],"author":[{"embeddable":true,"href":"https:\/\/plazajuarez.mx\/historico\/wp-json\/wp\/v2\/users\/3"}],"replies":[{"embeddable":true,"href":"https:\/\/plazajuarez.mx\/historico\/wp-json\/wp\/v2\/comments?post=27368"}],"version-history":[{"count":0,"href":"https:\/\/plazajuarez.mx\/historico\/wp-json\/wp\/v2\/posts\/27368\/revisions"}],"wp:attachment":[{"href":"https:\/\/plazajuarez.mx\/historico\/wp-json\/wp\/v2\/media?parent=27368"}],"wp:term":[{"taxonomy":"category","embeddable":true,"href":"https:\/\/plazajuarez.mx\/historico\/wp-json\/wp\/v2\/categories?post=27368"},{"taxonomy":"post_tag","embeddable":true,"href":"https:\/\/plazajuarez.mx\/historico\/wp-json\/wp\/v2\/tags?post=27368"}],"curies":[{"name":"wp","href":"https:\/\/api.w.org\/{rel}","templated":true}]}}