{"id":27367,"date":"2016-08-27T13:58:18","date_gmt":"2016-08-27T13:58:18","guid":{"rendered":"http:\/\/plazajuarez.mx\/index\/index.php\/2016\/08\/27\/atentado-con-coche-bomba-en-turquia-al-menos-11-muertos\/"},"modified":"2016-08-27T13:58:18","modified_gmt":"2016-08-27T13:58:18","slug":"atentado-con-coche-bomba-en-turquia-al-menos-11-muertos","status":"publish","type":"post","link":"https:\/\/plazajuarez.mx\/historico\/atentado-con-coche-bomba-en-turquia-al-menos-11-muertos\/","title":{"rendered":"Atentado con coche bomba en  Turqu\u00eda; al menos 11 muertos"},"content":{"rendered":"<p dir=\"ltr\" style=\"text-align: justify;\">Un atentado con coche bomba contra la sede de la Direcci\u00f3n Provincial de Seguridad de la localidad de Cizre (en el sudeste de Turqu\u00eda) ha provocado al menos 11 muertos y m\u00e1s de 70 heridos.<\/p>\n<p>  <!--more-->  <\/p>\n<p dir=\"ltr\" style=\"text-align: justify;\">Las autoridades turcas atribuyen el ataque al Partido de los Trabajadores del Kurdist\u00e1n (PKK), muy activo en la zona.<\/p>\n<p dir=\"ltr\" style=\"text-align: justify;\">El conflicto entre las fuerzas de seguridad turcas y los insurgentes kurdos ha resurgido con especial virulencia desde la ruptura del proceso de paz el pasado a\u00f1o, y unas 2.000 personas han fallecido en los combates y atentados de los \u00faltimos trece meses.<\/p>\n<p dir=\"ltr\" style=\"text-align: justify;\">El ataque se produjo hacia las 7.00 de la ma\u00f1ana, hora local, cuando un grupo de presuntos militantes del PKK abrieron fuego contra un punto de control policial cercano a la Direcci\u00f3n Provincial de Seguridad y al cuartel de las Fuerzas de Intervenci\u00f3n de la polic\u00eda.<\/p>\n<p dir=\"ltr\" style=\"text-align: justify;\">El combate que se entabl\u00f3 impidi\u00f3 avanzar a los atacantes y al veh\u00edculo cargado de explosivos que portaban, lo que no fue \u00f3bice para que al detonar el coche-bomba, provocase grandes destrozos pese a que se encontraba a 50 metros de los edificios.<\/p>\n<p dir=\"ltr\" style=\"text-align: justify;\">Las televisiones turcas mostraron im\u00e1genes de una inmensa humareda y polvareda levant\u00e1ndose por encima de la localidad de Cizre. Aseguran que la explosi\u00f3n \u201cfue ensordecedora y tuvo la potencia de un terremoto\u201d. De hecho, provoc\u00f3 la completa destrucci\u00f3n de la fachada del cuartel policial, el derrumbe de parte de la zona lateral, donde residen los agentes y que un dep\u00f3sito se incendiase.<\/p>\n<p>\u00a0<\/p>\n","protected":false},"excerpt":{"rendered":"<p>Un atentado con coche bomba contra la sede de la Direcci\u00f3n Provincial de Seguridad de la localidad de Cizre (en el sudeste de Turqu\u00eda) ha provocado al menos 11 muertos y m\u00e1s de 70 heridos.<\/p>\n","protected":false},"author":3,"featured_media":0,"comment_status":"open","ping_status":"open","sticky":false,"template":"","format":"standard","meta":{"footnotes":""},"categories":[31],"tags":[],"class_list":["post-27367","post","type-post","status-publish","format-standard","hentry","category-orbe"],"_links":{"self":[{"href":"https:\/\/plazajuarez.mx\/historico\/wp-json\/wp\/v2\/posts\/27367","targetHints":{"allow":["GET"]}}],"collection":[{"href":"https:\/\/plazajuarez.mx\/historico\/wp-json\/wp\/v2\/posts"}],"about":[{"href":"https:\/\/plazajuarez.mx\/historico\/wp-json\/wp\/v2\/types\/post"}],"author":[{"embeddable":true,"href":"https:\/\/plazajuarez.mx\/historico\/wp-json\/wp\/v2\/users\/3"}],"replies":[{"embeddable":true,"href":"https:\/\/plazajuarez.mx\/historico\/wp-json\/wp\/v2\/comments?post=27367"}],"version-history":[{"count":0,"href":"https:\/\/plazajuarez.mx\/historico\/wp-json\/wp\/v2\/posts\/27367\/revisions"}],"wp:attachment":[{"href":"https:\/\/plazajuarez.mx\/historico\/wp-json\/wp\/v2\/media?parent=27367"}],"wp:term":[{"taxonomy":"category","embeddable":true,"href":"https:\/\/plazajuarez.mx\/historico\/wp-json\/wp\/v2\/categories?post=27367"},{"taxonomy":"post_tag","embeddable":true,"href":"https:\/\/plazajuarez.mx\/historico\/wp-json\/wp\/v2\/tags?post=27367"}],"curies":[{"name":"wp","href":"https:\/\/api.w.org\/{rel}","templated":true}]}}