{"id":273669,"date":"2023-08-02T05:26:00","date_gmt":"2023-08-02T11:26:00","guid":{"rendered":"https:\/\/plazajuarez.mx\/?p=273669"},"modified":"2023-08-01T17:28:09","modified_gmt":"2023-08-01T23:28:09","slug":"el-fiscal-especial-espera-un-juicio-rapido-a-trump-por-el-asalto-al-capitolio","status":"publish","type":"post","link":"https:\/\/plazajuarez.mx\/historico\/el-fiscal-especial-espera-un-juicio-rapido-a-trump-por-el-asalto-al-capitolio\/","title":{"rendered":"El fiscal especial espera un &#8220;juicio r\u00e1pido&#8221; a Trump por el asalto al Capitolio"},"content":{"rendered":"\n<p>El fiscal especial Jack Smith anunci\u00f3 este martes que intentar\u00e1 que se celebre un &#8220;juicio r\u00e1pido&#8221; al expresidente de Estados Unidos Donald Trump (2017-2021), acusado de cuatro cargos por el asalto al Capitolio de 2021 con el que se intent\u00f3 revertir el resultado de las elecciones.<\/p>\n\n\n\n<p>&#8220;Mi equipo buscar\u00e1 que se celebre un juicio r\u00e1pido para que nuestras pruebas puedan ser probadas ante un tribunal y juzgadas por un jurado de ciudadanos&#8221;, dijo el fiscal en una breve comparecencia ante la prensa.<\/p>\n\n\n\n<p>Mientras tanto, agreg\u00f3 Smith, Trump &#8220;debe presumirse inocente hasta que se pruebe su culpabilidad en un tribunal&#8221;.<\/p>\n\n\n\n<p>El fiscal advirti\u00f3 adem\u00e1s de que la investigaci\u00f3n sobre otros individuos que participaron en el intento de revertir la voluntad popular contin\u00faa.<\/p>\n\n\n\n<p>Trump fue acusado este martes por un gran jurado de Washington de cuatro delitos por presuntamente intentar revertir el resultado de las elecciones de 2020 en las que perdi\u00f3 contra el actual presidente, el dem\u00f3crata Joe Biden.<\/p>\n\n\n\n<p>En su comparecencia, Smith ley\u00f3 los cuatro delitos de los que se acusa a Trump y que figuran en un escrito de acusaci\u00f3n de 45 p\u00e1ginas: conspiraci\u00f3n para defraudar a EE.UU., conspiraci\u00f3n para obstruir un procedimiento oficial, obstrucci\u00f3n e intento de obstruir un procedimiento oficial y conspiraci\u00f3n contra derechos.<\/p>\n\n\n\n<p>Smith dijo que el asalto al Capitolio del 6 de enero de 2021 por parte de una turba de trumpistas que intent\u00f3 frenar la ratificaci\u00f3n de los resultados electorales fue &#8220;un ataque sin precedentes a la sede de la democracia estadounidense&#8221;.<\/p>\n\n\n\n<p>Denunci\u00f3 que dicho asalto &#8220;fue alimentado por mentiras&#8221; de Trump con el objetivo de &#8220;obstruir&#8221; las funciones de recuento y certificaci\u00f3n de las elecciones presidenciales&#8221;.<\/p>\n\n\n\n<p>Asimismo, agradeci\u00f3 el trabajo de los polic\u00edas que defendieron el Capitolio, a quienes calific\u00f3 de &#8220;h\u00e9roes&#8221; y &#8220;patriotas&#8221;.<\/p>\n\n\n\n<p>&#8220;No solo defendieron un edificio o las personas que hab\u00eda dentro. Arriesgaron sus vidas para defender qui\u00e9nes somos como pa\u00eds y como pueblo&#8221;, remarc\u00f3.<\/p>\n\n\n\n<p>Smith investiga tambi\u00e9n a Trump por haber sustra\u00eddo de forma ilegal documentos clasificados de la Casa Blanca y retenerlos en su mansi\u00f3n de Mar-a-Lago, en Florida, caso por el que el republicano fue acusado de 40 cargos.<\/p>\n","protected":false},"excerpt":{"rendered":"<p>El fiscal especial Jack Smith anunci\u00f3 este martes que intentar\u00e1 que se celebre un &#8220;juicio r\u00e1pido&#8221; al expresidente de Estados Unidos Donald Trump (2017-2021), acusado de cuatro cargos por el asalto al Capitolio de 2021 con el que se intent\u00f3 revertir el resultado de las elecciones. &#8220;Mi equipo buscar\u00e1 que se celebre un juicio r\u00e1pido [&hellip;]<\/p>\n","protected":false},"author":80,"featured_media":273670,"comment_status":"closed","ping_status":"closed","sticky":false,"template":"","format":"standard","meta":{"footnotes":""},"categories":[31],"tags":[],"class_list":["post-273669","post","type-post","status-publish","format-standard","has-post-thumbnail","hentry","category-orbe"],"_links":{"self":[{"href":"https:\/\/plazajuarez.mx\/historico\/wp-json\/wp\/v2\/posts\/273669","targetHints":{"allow":["GET"]}}],"collection":[{"href":"https:\/\/plazajuarez.mx\/historico\/wp-json\/wp\/v2\/posts"}],"about":[{"href":"https:\/\/plazajuarez.mx\/historico\/wp-json\/wp\/v2\/types\/post"}],"author":[{"embeddable":true,"href":"https:\/\/plazajuarez.mx\/historico\/wp-json\/wp\/v2\/users\/80"}],"replies":[{"embeddable":true,"href":"https:\/\/plazajuarez.mx\/historico\/wp-json\/wp\/v2\/comments?post=273669"}],"version-history":[{"count":0,"href":"https:\/\/plazajuarez.mx\/historico\/wp-json\/wp\/v2\/posts\/273669\/revisions"}],"wp:featuredmedia":[{"embeddable":true,"href":"https:\/\/plazajuarez.mx\/historico\/wp-json\/wp\/v2\/media\/273670"}],"wp:attachment":[{"href":"https:\/\/plazajuarez.mx\/historico\/wp-json\/wp\/v2\/media?parent=273669"}],"wp:term":[{"taxonomy":"category","embeddable":true,"href":"https:\/\/plazajuarez.mx\/historico\/wp-json\/wp\/v2\/categories?post=273669"},{"taxonomy":"post_tag","embeddable":true,"href":"https:\/\/plazajuarez.mx\/historico\/wp-json\/wp\/v2\/tags?post=273669"}],"curies":[{"name":"wp","href":"https:\/\/api.w.org\/{rel}","templated":true}]}}