{"id":273666,"date":"2023-08-02T05:20:00","date_gmt":"2023-08-02T11:20:00","guid":{"rendered":"https:\/\/plazajuarez.mx\/?p=273666"},"modified":"2023-08-01T17:26:13","modified_gmt":"2023-08-01T23:26:13","slug":"supremo_-2","status":"publish","type":"post","link":"https:\/\/plazajuarez.mx\/historico\/supremo_-2\/","title":{"rendered":"El Supremo de Brasil proh\u00edbe que los feminicidas apelen a la &#8220;defensa de la honra&#8221;"},"content":{"rendered":"\n<p>El Supremo Tribunal Federal de Brasil declar\u00f3 inconstitucional este martes el uso de la tesis de la &#8220;leg\u00edtima defensa de la honra&#8221; para justificar el asesinato de mujeres a manos de sus parejas.<\/p>\n\n\n\n<p>El pleno del m\u00e1ximo tribunal consider\u00f3 de forma un\u00e1nime que esta tesis es contraria a los principios de igualdad de g\u00e9nero, dignidad humana y protecci\u00f3n a la vida previstos en la Constituci\u00f3n, por lo que prohibi\u00f3 su uso directo o indirecto durante los juicios.<\/p>\n\n\n\n<p>La tesis era invocada a veces en casos de feminicidios, sobre todo en aquellos llevados ante jurados populares, para defender al hombre acusado de asesinar a su pareja, bajo el argumento de que las relaciones extramaritales de ella hab\u00edan herido su honra.<\/p>\n\n\n\n<p>El relator del proyecto, el magistrado Jos\u00e9 Antonio Dias Toffoli, hab\u00eda sostenido en junio en una sesi\u00f3n previa que la &#8220;leg\u00edtima defensa de la honra&#8221; no ten\u00eda nada que ver con el concepto de &#8220;leg\u00edtima defensa&#8221; que recoge el C\u00f3digo Penal brasile\u00f1o frente a las agresiones f\u00edsicas.<\/p>\n\n\n\n<p>En su voto a favor de tumbar la tesis, la presidenta del Supremo, la magistrada Rosa Weber, se refiri\u00f3 este martes a &#8220;Gabriela, clavo y canela&#8221;, la c\u00e9lebre novela del escritor brasile\u00f1o Jorge Amado en la que se narra el asesinato de una mujer a manos de un esposo celoso.<\/p>\n\n\n\n<p>&#8220;No hay espacio en el contexto de una sociedad democr\u00e1tica, libre, justa y solidaria, fundada en el principio de la dignidad humana, para restaurar las costumbres medievales del pasado de las cuales tantas mujeres fueron v\u00edctimas&#8221;, se\u00f1al\u00f3.<\/p>\n\n\n\n<p>La idea de la &#8220;leg\u00edtima defensa de la honra&#8221; reflejaba, seg\u00fan Weber, &#8220;la expresi\u00f3n de los valores de una sociedad patriarcal, arcaica y autoritaria&#8221; que justificaba los feminicidios con base a la &#8220;superioridad&#8221; del hombre.<\/p>\n\n\n\n<p>El juicio responde a una acci\u00f3n judicial iniciada por el Partido Democr\u00e1tico Laboral (PDT, por sus siglas en portugu\u00e9s) en contra de la constitucionalidad de la tesis, posici\u00f3n compartida por la Fiscal\u00eda General de la Rep\u00fablica.<\/p>\n\n\n\n<p>Con la votaci\u00f3n de este martes, la Suprema Corte confirma una decisi\u00f3n preliminar de 2021 que iba en el mismo sentido y, de esta manera, da por zanjado el asunto.<\/p>\n","protected":false},"excerpt":{"rendered":"<p>El Supremo Tribunal Federal de Brasil declar\u00f3 inconstitucional este martes el uso de la tesis de la &#8220;leg\u00edtima defensa de la honra&#8221; para justificar el asesinato de mujeres a manos de sus parejas. El pleno del m\u00e1ximo tribunal consider\u00f3 de forma un\u00e1nime que esta tesis es contraria a los principios de igualdad de g\u00e9nero, dignidad [&hellip;]<\/p>\n","protected":false},"author":80,"featured_media":273667,"comment_status":"closed","ping_status":"closed","sticky":false,"template":"","format":"standard","meta":{"footnotes":""},"categories":[31],"tags":[],"class_list":["post-273666","post","type-post","status-publish","format-standard","has-post-thumbnail","hentry","category-orbe"],"_links":{"self":[{"href":"https:\/\/plazajuarez.mx\/historico\/wp-json\/wp\/v2\/posts\/273666","targetHints":{"allow":["GET"]}}],"collection":[{"href":"https:\/\/plazajuarez.mx\/historico\/wp-json\/wp\/v2\/posts"}],"about":[{"href":"https:\/\/plazajuarez.mx\/historico\/wp-json\/wp\/v2\/types\/post"}],"author":[{"embeddable":true,"href":"https:\/\/plazajuarez.mx\/historico\/wp-json\/wp\/v2\/users\/80"}],"replies":[{"embeddable":true,"href":"https:\/\/plazajuarez.mx\/historico\/wp-json\/wp\/v2\/comments?post=273666"}],"version-history":[{"count":0,"href":"https:\/\/plazajuarez.mx\/historico\/wp-json\/wp\/v2\/posts\/273666\/revisions"}],"wp:featuredmedia":[{"embeddable":true,"href":"https:\/\/plazajuarez.mx\/historico\/wp-json\/wp\/v2\/media\/273667"}],"wp:attachment":[{"href":"https:\/\/plazajuarez.mx\/historico\/wp-json\/wp\/v2\/media?parent=273666"}],"wp:term":[{"taxonomy":"category","embeddable":true,"href":"https:\/\/plazajuarez.mx\/historico\/wp-json\/wp\/v2\/categories?post=273666"},{"taxonomy":"post_tag","embeddable":true,"href":"https:\/\/plazajuarez.mx\/historico\/wp-json\/wp\/v2\/tags?post=273666"}],"curies":[{"name":"wp","href":"https:\/\/api.w.org\/{rel}","templated":true}]}}