{"id":273644,"date":"2023-08-01T15:06:15","date_gmt":"2023-08-01T21:06:15","guid":{"rendered":"https:\/\/plazajuarez.mx\/?p=273644"},"modified":"2023-08-01T15:06:17","modified_gmt":"2023-08-01T21:06:17","slug":"me-di-cuenta-de-lo-afortunada-que-soy-de-estar-viva-madonna","status":"publish","type":"post","link":"https:\/\/plazajuarez.mx\/historico\/me-di-cuenta-de-lo-afortunada-que-soy-de-estar-viva-madonna\/","title":{"rendered":"&#8220;Me di cuenta de lo afortunada que soy de estar viva&#8221;: Madonna"},"content":{"rendered":"\n<p>La icono de la m\u00fasica pop Madonna afirm\u00f3 sentirse &#8220;afortunada&#8221; por &#8220;estar viva&#8221; y agradeci\u00f3 el apoyo de sus hijos y sus amigos, un mes despu\u00e9s de ser hospitalizada en una unidad de cuidados intensivos (UCI) por una grave infecci\u00f3n bacteriana.<\/p>\n\n\n\n<p>&#8220;Me di cuenta de lo afortunada que soy de estar viva. Y lo afortunada que soy de haber conocido a estas personas y a tantas otras que ya se han ido&#8221;, revel\u00f3 la cantante en una publicaci\u00f3n de Instagram que se ha viralizado muy r\u00e1pidamente este lunes.<\/p>\n\n\n\n<p>La artista, que se vio obligada a posponer su esperada gira Celebration Tour a principios de julio, subi\u00f3 a la red social una serie de fotograf\u00edas, en las que tambi\u00e9n aparecen sus hijos David Banda y Lourdes Le\u00f3n, acompa\u00f1ada de una reflexi\u00f3n acerca de &#8220;el amor de la familia y los amigos&#8221;.<\/p>\n\n\n\n<p>&#8220;Como madre, puedes verte atrapada en las necesidades de tus hijos y en los interminables regalos&#8230; Pero cuando las cosas se pusieron feas, mis hijos me ayudaron de verdad. Vi un lado de ellos que nunca hab\u00eda visto antes&#8221;, detall\u00f3 Madonna, de 64 a\u00f1os.<\/p>\n\n\n\n<p>Asimismo, aprovech\u00f3 para agradecer el cari\u00f1o de su m\u00e1nager Guy Oseary y record\u00f3 que un regalo que \u00e9l le hizo en el pasado, una foto Polaroid tomada por Andy Warhol en la que aparece el artista y activista social Keith Haring vistiendo una chaqueta con la cara de Michael Jackson pintada en la espalda.<\/p>\n\n\n\n<p>&#8220;Llor\u00e9 cuando abr\u00ed este regalo porque me di cuenta de lo afortunada que soy de estar viva&#8221;, incidi\u00f3 la figura pop.<\/p>\n\n\n\n<p>La publicaci\u00f3n concluy\u00f3 con un mensaje que pareci\u00f3 estar dirigido a los cientos de miles de seguidores con los que cuenta en todo el mundo: &#8220;Gracias a todos mis \u00e1ngeles, que me protegieron y me permitieron quedarme para terminar mi trabajo&#8221;.<\/p>\n\n\n\n<p>A finales de junio, Oseary anunci\u00f3 que Madonna ten\u00eda que interrumpir su gira Celebration Tour, cuyo comienzo estaba previsto para el 15 de julio y deb\u00eda prolongarse durante siete meses.<\/p>\n\n\n\n<p>Tras abandonar el hospital, la int\u00e9rprete de \u00e9xitos como &#8220;Like a Virgin&#8221; ha afirmado que ahora se encuentra en &#8220;v\u00edas de recuperaci\u00f3n&#8221;, por lo que el tramo norteamericano del tour se va a reprogramar pr\u00f3ximamente y las fechas europeas ya se han pospuesto para el mes de octubre.<\/p>\n\n\n\n<p>Celebration Tour ser\u00e1 la duod\u00e9cima gira de Madonna y con ella pretende conmemorar sus 40 a\u00f1os ligada al mundo de la m\u00fasica, que la han consagrado como la artista femenina con m\u00e1s discos vendidos de la historia -m\u00e1s de 300 millones de copias- y le han deparado 7 premios Grammy.<\/p>\n","protected":false},"excerpt":{"rendered":"<p>La icono de la m\u00fasica pop Madonna afirm\u00f3 sentirse &#8220;afortunada&#8221; por &#8220;estar viva&#8221; y agradeci\u00f3 el apoyo de sus hijos y sus amigos, un mes despu\u00e9s de ser hospitalizada en una unidad de cuidados intensivos (UCI) por una grave infecci\u00f3n bacteriana. &#8220;Me di cuenta de lo afortunada que soy de estar viva. Y lo afortunada [&hellip;]<\/p>\n","protected":false},"author":80,"featured_media":273645,"comment_status":"closed","ping_status":"closed","sticky":false,"template":"","format":"standard","meta":{"footnotes":""},"categories":[38,2166],"tags":[],"class_list":["post-273644","post","type-post","status-publish","format-standard","has-post-thumbnail","hentry","category-show","category-viral"],"_links":{"self":[{"href":"https:\/\/plazajuarez.mx\/historico\/wp-json\/wp\/v2\/posts\/273644","targetHints":{"allow":["GET"]}}],"collection":[{"href":"https:\/\/plazajuarez.mx\/historico\/wp-json\/wp\/v2\/posts"}],"about":[{"href":"https:\/\/plazajuarez.mx\/historico\/wp-json\/wp\/v2\/types\/post"}],"author":[{"embeddable":true,"href":"https:\/\/plazajuarez.mx\/historico\/wp-json\/wp\/v2\/users\/80"}],"replies":[{"embeddable":true,"href":"https:\/\/plazajuarez.mx\/historico\/wp-json\/wp\/v2\/comments?post=273644"}],"version-history":[{"count":0,"href":"https:\/\/plazajuarez.mx\/historico\/wp-json\/wp\/v2\/posts\/273644\/revisions"}],"wp:featuredmedia":[{"embeddable":true,"href":"https:\/\/plazajuarez.mx\/historico\/wp-json\/wp\/v2\/media\/273645"}],"wp:attachment":[{"href":"https:\/\/plazajuarez.mx\/historico\/wp-json\/wp\/v2\/media?parent=273644"}],"wp:term":[{"taxonomy":"category","embeddable":true,"href":"https:\/\/plazajuarez.mx\/historico\/wp-json\/wp\/v2\/categories?post=273644"},{"taxonomy":"post_tag","embeddable":true,"href":"https:\/\/plazajuarez.mx\/historico\/wp-json\/wp\/v2\/tags?post=273644"}],"curies":[{"name":"wp","href":"https:\/\/api.w.org\/{rel}","templated":true}]}}