{"id":273641,"date":"2023-08-01T15:04:52","date_gmt":"2023-08-01T21:04:52","guid":{"rendered":"https:\/\/plazajuarez.mx\/?p=273641"},"modified":"2023-08-01T15:04:53","modified_gmt":"2023-08-01T21:04:53","slug":"arranca-la-preventa-de-entradas-para-el-cierre-de-la-gira-de-fito-paez-en-uruguay","status":"publish","type":"post","link":"https:\/\/plazajuarez.mx\/historico\/arranca-la-preventa-de-entradas-para-el-cierre-de-la-gira-de-fito-paez-en-uruguay\/","title":{"rendered":"Arranca la preventa de entradas para el cierre de la gira de Fito P\u00e1ez en Uruguay"},"content":{"rendered":"\n<p>Uruguay inici\u00f3 este martes la preventa de las entradas para el cierre de la gira &#8220;El amor 30 a\u00f1os despu\u00e9s del amor&#8221; el pr\u00f3ximo 9 de diciembre del cantautor argentino Fito P\u00e1ez, con la que celebra las tres d\u00e9cadas de su producci\u00f3n discogr\u00e1fica de mayor \u00e9xito.<\/p>\n\n\n\n<p>Tras el anunci\u00f3 hecho el pasado viernes por la productora encargada del evento Gaucho, a partir de este 1 de agosto a las 10:00 hora local (13:00 GMT) y hasta el jueves en el mismo horario los interesados podr\u00e1n adquirir sus entradas a trav\u00e9s de la red de cobranza Abitab con tarjetas de cr\u00e9dito del banco Ita\u00fa.<\/p>\n\n\n\n<p>Asimismo, a partir del jueves se iniciar\u00e1 la venta al p\u00fablico en general para el concierto que tendr\u00e1 como escenario la Rambla de Montevideo en la zona del barrio de Punta Carretas.<\/p>\n\n\n\n<p>&#8220;Un artista que trasciende generaciones y el show m\u00e1s grande de todo el a\u00f1o: Fito P\u00e1ez se despide en Uruguay con ?El amor 30 a\u00f1os despu\u00e9s del amor'&#8221;, se\u00f1al\u00f3 la productora a trav\u00e9s de Twitter.<\/p>\n\n\n\n<p>La gira comenz\u00f3 en septiembre pasado en Argentina para celebrar las tres d\u00e9cadas del disco que se mantiene, hasta ahora, como el m\u00e1s vendido en la historia de la m\u00fasica popular argentina.<\/p>\n\n\n\n<p>Posteriormente, el tour ha continuado por otros pa\u00edses de Latinoam\u00e9rica, recorriendo Uruguay, Chile, Per\u00fa, Paraguay, Venezuela, Argentina, Brasil, Colombia, Costa Rica y Rep\u00fablica Dominicana, adem\u00e1s de Estados Unidos y Espa\u00f1a.<\/p>\n\n\n\n<p>Publicado el 1 de junio de 1992, &#8220;El amor despu\u00e9s del amor&#8221; fue el s\u00e9ptimo disco de estudio de P\u00e1ez, marcando un punto de inflexi\u00f3n en su carrera y en el propio rock argentino, gracias a canciones inolvidables como &#8220;Brillante sobre el mic&#8221;, &#8220;A rodar mi vida&#8221;, &#8220;Un vestido y un amor&#8221; y &#8220;Tumbas de la gloria&#8221;, adem\u00e1s del exitoso tema hom\u00f3nimo.<\/p>\n\n\n\n<p>&#8220;El amor despu\u00e9s del amor&#8221; cont\u00f3 con invitados como Mercedes Sosa, Charly Garc\u00eda, Luis Alberto Spinetta, Andr\u00e9s Calamaro y Gustavo Cerati, entre otros.<\/p>\n","protected":false},"excerpt":{"rendered":"<p>Uruguay inici\u00f3 este martes la preventa de las entradas para el cierre de la gira &#8220;El amor 30 a\u00f1os despu\u00e9s del amor&#8221; el pr\u00f3ximo 9 de diciembre del cantautor argentino Fito P\u00e1ez, con la que celebra las tres d\u00e9cadas de su producci\u00f3n discogr\u00e1fica de mayor \u00e9xito. Tras el anunci\u00f3 hecho el pasado viernes por la [&hellip;]<\/p>\n","protected":false},"author":80,"featured_media":273642,"comment_status":"closed","ping_status":"closed","sticky":false,"template":"","format":"standard","meta":{"footnotes":""},"categories":[38],"tags":[],"class_list":["post-273641","post","type-post","status-publish","format-standard","has-post-thumbnail","hentry","category-show"],"_links":{"self":[{"href":"https:\/\/plazajuarez.mx\/historico\/wp-json\/wp\/v2\/posts\/273641","targetHints":{"allow":["GET"]}}],"collection":[{"href":"https:\/\/plazajuarez.mx\/historico\/wp-json\/wp\/v2\/posts"}],"about":[{"href":"https:\/\/plazajuarez.mx\/historico\/wp-json\/wp\/v2\/types\/post"}],"author":[{"embeddable":true,"href":"https:\/\/plazajuarez.mx\/historico\/wp-json\/wp\/v2\/users\/80"}],"replies":[{"embeddable":true,"href":"https:\/\/plazajuarez.mx\/historico\/wp-json\/wp\/v2\/comments?post=273641"}],"version-history":[{"count":0,"href":"https:\/\/plazajuarez.mx\/historico\/wp-json\/wp\/v2\/posts\/273641\/revisions"}],"wp:featuredmedia":[{"embeddable":true,"href":"https:\/\/plazajuarez.mx\/historico\/wp-json\/wp\/v2\/media\/273642"}],"wp:attachment":[{"href":"https:\/\/plazajuarez.mx\/historico\/wp-json\/wp\/v2\/media?parent=273641"}],"wp:term":[{"taxonomy":"category","embeddable":true,"href":"https:\/\/plazajuarez.mx\/historico\/wp-json\/wp\/v2\/categories?post=273641"},{"taxonomy":"post_tag","embeddable":true,"href":"https:\/\/plazajuarez.mx\/historico\/wp-json\/wp\/v2\/tags?post=273641"}],"curies":[{"name":"wp","href":"https:\/\/api.w.org\/{rel}","templated":true}]}}