{"id":273635,"date":"2023-08-01T15:01:53","date_gmt":"2023-08-01T21:01:53","guid":{"rendered":"https:\/\/plazajuarez.mx\/?p=273635"},"modified":"2023-08-01T15:01:55","modified_gmt":"2023-08-01T21:01:55","slug":"el-precio-del-dolar-bate-un-nuevo-record-en-el-mercado-informal-de-argentina","status":"publish","type":"post","link":"https:\/\/plazajuarez.mx\/historico\/el-precio-del-dolar-bate-un-nuevo-record-en-el-mercado-informal-de-argentina\/","title":{"rendered":"El precio del d\u00f3lar bate un nuevo r\u00e9cord en el mercado informal de Argentina"},"content":{"rendered":"\n<p>El precio del d\u00f3lar estadounidense en el mercado informal de Argentina bati\u00f3 este martes un nuevo r\u00e9cord ante las crecientes compras por cobertura en la antesala de las elecciones primarias y temores de una mayor devaluaci\u00f3n del peso argentino.<\/p>\n\n\n\n<p>La divisa estadounidense subi\u00f3 este martes 10 pesos en el mercado paralelo, hasta un nuevo m\u00e1ximo de 560 pesos por unidad.<\/p>\n\n\n\n<p>En tanto, en el estatal Banco Naci\u00f3n -donde las operaciones se restringen a 200 d\u00f3lares mensuales por persona y bajo ciertas condiciones-, el d\u00f3lar subi\u00f3 un peso, a un m\u00e1ximo de 287,50 pesos para la venta al p\u00fablico.<\/p>\n\n\n\n<p>A estos valores, la brecha entre la cotizaci\u00f3n oficial y el denominado &#8220;d\u00f3lar blue&#8221; es del 94,7 %.<\/p>\n\n\n\n<p>Analistas del mercado achacan esta nueva escalada en el precio del d\u00f3lar informal a un mayor apetito por la divisa estadounidense que tradicionalmente suele crecer en las jornadas previas a elecciones en Argentina, pa\u00eds que celebrar\u00e1 primarias presidenciales el pr\u00f3ximo 13 de agosto.<\/p>\n\n\n\n<p>Pero adem\u00e1s la demanda por cobertura es alimentada por la persistente incertidumbre que generan los desequilibrios macroecon\u00f3micos de Argentina, cuyas exiguas reservas monetarias siguen bajo presi\u00f3n aun despu\u00e9s de haber alcanzado un acuerdo con el &#8220;staff&#8221; del Fondo Monetario Internacional, organismo que no girar\u00e1 desembolsos al pa\u00eds suramericano sino hasta despu\u00e9s de las primarias.<\/p>\n\n\n\n<p>&#8220;La presunci\u00f3n es que el oficialismo, por obvias razones pol\u00edticas, podr\u00eda ajustar el d\u00f3lar oficial tras las primarias&#8221;, coment\u00f3 este martes la firma Portfolio Personal Inversiones en un informe.<\/p>\n\n\n\n<p>El valor del d\u00f3lar en el mercado oficial mayorista subi\u00f3 90 centavos este martes, a un nuevo m\u00e1ximo de 276,15 pesos por unidad.<\/p>\n\n\n\n<p>Mientras, el valor del d\u00f3lar de los mecanismos financieros para inversores m\u00e1s sofisticados oper\u00f3 con tendencia dispar.<\/p>\n\n\n\n<p>El denominado d\u00f3lar &#8220;contado con liquidaci\u00f3n&#8221; -CCL, que consiste en comprar localmente con pesos argentinos acciones o bonos y venderlos en d\u00f3lares en Wall Street- avanz\u00f3 1,9 %, para cerrar en 561,91 pesos por unidad.<\/p>\n\n\n\n<p>Por su parte, el &#8220;d\u00f3lar bolsa&#8221; o &#8220;d\u00f3lar MEP&#8221; -que se consigue comprando activos que cotizan a la vez en pesos y en d\u00f3lares, se pagan en pesos al adquirirlo y se venden en d\u00f3lares- baj\u00f3 un 0,2 %, a 509,15 pesos por unidad.<\/p>\n","protected":false},"excerpt":{"rendered":"<p>El precio del d\u00f3lar estadounidense en el mercado informal de Argentina bati\u00f3 este martes un nuevo r\u00e9cord ante las crecientes compras por cobertura en la antesala de las elecciones primarias y temores de una mayor devaluaci\u00f3n del peso argentino. La divisa estadounidense subi\u00f3 este martes 10 pesos en el mercado paralelo, hasta un nuevo m\u00e1ximo [&hellip;]<\/p>\n","protected":false},"author":80,"featured_media":273636,"comment_status":"closed","ping_status":"closed","sticky":false,"template":"","format":"standard","meta":{"footnotes":""},"categories":[31],"tags":[],"class_list":["post-273635","post","type-post","status-publish","format-standard","has-post-thumbnail","hentry","category-orbe"],"_links":{"self":[{"href":"https:\/\/plazajuarez.mx\/historico\/wp-json\/wp\/v2\/posts\/273635","targetHints":{"allow":["GET"]}}],"collection":[{"href":"https:\/\/plazajuarez.mx\/historico\/wp-json\/wp\/v2\/posts"}],"about":[{"href":"https:\/\/plazajuarez.mx\/historico\/wp-json\/wp\/v2\/types\/post"}],"author":[{"embeddable":true,"href":"https:\/\/plazajuarez.mx\/historico\/wp-json\/wp\/v2\/users\/80"}],"replies":[{"embeddable":true,"href":"https:\/\/plazajuarez.mx\/historico\/wp-json\/wp\/v2\/comments?post=273635"}],"version-history":[{"count":0,"href":"https:\/\/plazajuarez.mx\/historico\/wp-json\/wp\/v2\/posts\/273635\/revisions"}],"wp:featuredmedia":[{"embeddable":true,"href":"https:\/\/plazajuarez.mx\/historico\/wp-json\/wp\/v2\/media\/273636"}],"wp:attachment":[{"href":"https:\/\/plazajuarez.mx\/historico\/wp-json\/wp\/v2\/media?parent=273635"}],"wp:term":[{"taxonomy":"category","embeddable":true,"href":"https:\/\/plazajuarez.mx\/historico\/wp-json\/wp\/v2\/categories?post=273635"},{"taxonomy":"post_tag","embeddable":true,"href":"https:\/\/plazajuarez.mx\/historico\/wp-json\/wp\/v2\/tags?post=273635"}],"curies":[{"name":"wp","href":"https:\/\/api.w.org\/{rel}","templated":true}]}}