{"id":273630,"date":"2023-08-01T14:51:48","date_gmt":"2023-08-01T20:51:48","guid":{"rendered":"https:\/\/plazajuarez.mx\/?p=273630"},"modified":"2023-08-01T14:51:50","modified_gmt":"2023-08-01T20:51:50","slug":"facebook-empieza-a-suprimir-el-acceso-a-noticias-en-canada-para-no-pagar-a-los-editores","status":"publish","type":"post","link":"https:\/\/plazajuarez.mx\/historico\/facebook-empieza-a-suprimir-el-acceso-a-noticias-en-canada-para-no-pagar-a-los-editores\/","title":{"rendered":"Facebook empieza a suprimir el acceso a noticias en Canad\u00e1 para no pagar a los editores"},"content":{"rendered":"\n<p>Facebook comunic\u00f3 este martes que ha empezado a suprimir el acceso de sus usuarios de Canad\u00e1 a las noticias desde su plataforma, en respuesta a una nueva ley que obliga a las redes sociales a pagar por distribuir esos contenidos.<\/p>\n\n\n\n<p>Instagram, propiedad de Meta, la empresa matriz de Facebook, tambi\u00e9n ha iniciado el proceso para eliminar la distribuci\u00f3n de noticias.<\/p>\n\n\n\n<p>La responsable de Pol\u00edtica P\u00fablica de Meta en Canad\u00e1, Rachel Curran, se\u00f1al\u00f3 este martes en un comunicado que la compa\u00f1\u00eda &#8220;ha empezado el proceso para dar por terminado de forma permanente el acceso a noticias en Canad\u00e1&#8221;.<\/p>\n\n\n\n<p>Curran a\u00f1adi\u00f3 que espera que en el futuro el Gobierno canadiense &#8220;reconozca el valor&#8221; que Facebook e Instagram proporcionan a las compa\u00f1\u00edas editoras &#8220;y considere una respuesta pol\u00edtica que defienda los principios de un internet libre y abierto&#8221;.<\/p>\n\n\n\n<p>La medida se produce despu\u00e9s de que el Parlamento canadiense aprobase el pasado junio una ley que obliga a plataformas como Facebook o Google a pagar a los medios de comunicaci\u00f3n por incluir su contenido.<\/p>\n\n\n\n<p>La normativa, que todav\u00eda no ha entrado en vigor, ha recibido el apoyo de News Media Canada, la asociaci\u00f3n que agrupa a editores de peri\u00f3dicos del pa\u00eds.<\/p>\n\n\n\n<p>Meta y Alphabet, la empresa matriz de Google, se han opuesto de forma frontal a la ley y han dicho que la distribuci\u00f3n en sus plataformas de enlaces y noticias es &#8220;beneficioso&#8221; para los peri\u00f3dicos y medios de comunicaci\u00f3n.<\/p>\n\n\n\n<p>Alphabet tambi\u00e9n ha advertido de que dejar\u00e1 de compartir en Canad\u00e1 noticias a trav\u00e9s de servicios como sus p\u00e1ginas de B\u00fasqueda, Noticias y Discover, pero se ha mostrado abierta a negociar con el Gobierno canadiense.<\/p>\n\n\n\n<p>En junio, Meta advirti\u00f3 de que bloquear\u00eda el acceso a noticias en Canad\u00e1, lo que el Gobierno canadiense consider\u00f3 como un intento de chantajear al pa\u00eds: el primer ministro Justin Trudeau calific\u00f3 de &#8220;grave error&#8221; la decisi\u00f3n del gigante tecnol\u00f3gico, al que acus\u00f3 de &#8220;irresponsable&#8221;.<\/p>\n\n\n\n<p>En respuesta a la decisi\u00f3n de Meta, Quebecor, uno de los principales conglomerados de medios de Canad\u00e1, y el Gobierno canadiense anunciaron a principios de julio que dejar\u00edan de comprar espacios publicitarios en Facebook e Instagram.<\/p>\n","protected":false},"excerpt":{"rendered":"<p>Facebook comunic\u00f3 este martes que ha empezado a suprimir el acceso de sus usuarios de Canad\u00e1 a las noticias desde su plataforma, en respuesta a una nueva ley que obliga a las redes sociales a pagar por distribuir esos contenidos. Instagram, propiedad de Meta, la empresa matriz de Facebook, tambi\u00e9n ha iniciado el proceso para [&hellip;]<\/p>\n","protected":false},"author":80,"featured_media":273633,"comment_status":"closed","ping_status":"closed","sticky":false,"template":"","format":"standard","meta":{"footnotes":""},"categories":[31],"tags":[],"class_list":["post-273630","post","type-post","status-publish","format-standard","has-post-thumbnail","hentry","category-orbe"],"_links":{"self":[{"href":"https:\/\/plazajuarez.mx\/historico\/wp-json\/wp\/v2\/posts\/273630","targetHints":{"allow":["GET"]}}],"collection":[{"href":"https:\/\/plazajuarez.mx\/historico\/wp-json\/wp\/v2\/posts"}],"about":[{"href":"https:\/\/plazajuarez.mx\/historico\/wp-json\/wp\/v2\/types\/post"}],"author":[{"embeddable":true,"href":"https:\/\/plazajuarez.mx\/historico\/wp-json\/wp\/v2\/users\/80"}],"replies":[{"embeddable":true,"href":"https:\/\/plazajuarez.mx\/historico\/wp-json\/wp\/v2\/comments?post=273630"}],"version-history":[{"count":0,"href":"https:\/\/plazajuarez.mx\/historico\/wp-json\/wp\/v2\/posts\/273630\/revisions"}],"wp:featuredmedia":[{"embeddable":true,"href":"https:\/\/plazajuarez.mx\/historico\/wp-json\/wp\/v2\/media\/273633"}],"wp:attachment":[{"href":"https:\/\/plazajuarez.mx\/historico\/wp-json\/wp\/v2\/media?parent=273630"}],"wp:term":[{"taxonomy":"category","embeddable":true,"href":"https:\/\/plazajuarez.mx\/historico\/wp-json\/wp\/v2\/categories?post=273630"},{"taxonomy":"post_tag","embeddable":true,"href":"https:\/\/plazajuarez.mx\/historico\/wp-json\/wp\/v2\/tags?post=273630"}],"curies":[{"name":"wp","href":"https:\/\/api.w.org\/{rel}","templated":true}]}}