{"id":273627,"date":"2023-08-01T14:32:44","date_gmt":"2023-08-01T20:32:44","guid":{"rendered":"https:\/\/plazajuarez.mx\/?p=273627"},"modified":"2023-08-01T14:32:45","modified_gmt":"2023-08-01T20:32:45","slug":"no-van-a-votar-por-el-dice-amlo-sobre-gobernador-de-texas","status":"publish","type":"post","link":"https:\/\/plazajuarez.mx\/historico\/no-van-a-votar-por-el-dice-amlo-sobre-gobernador-de-texas\/","title":{"rendered":"&#8220;No van a votar por \u00e9l&#8221;, dice AMLO sobre gobernador de Texas"},"content":{"rendered":"\n<p>El presidente Andr\u00e9s Manuel L\u00f3pez Obrador advirti\u00f3 que las acciones del gobernador de Texas, Greg Abbott, de instalar boyas y alambradas en el R\u00edo Bravo le ser\u00e1n contraproducente y la gente no votar\u00e1 por \u00e9l, pues acus\u00f3 que son actos &#8220;publicitarios, provocativos y corrientes&#8221;.<\/p>\n\n\n\n<p>En conferencia de prensa, L\u00f3pez Obrador asegur\u00f3 que en Texas hay muchos ciudadanos de origen mexicano y migrantes de otros pa\u00edses de Am\u00e9rica Latina.<\/p>\n\n\n\n<p>Asegur\u00f3 que estas acciones por parte del gobernador republicano incitan a la confrontaci\u00f3n y a la divisi\u00f3n, que en vez de unir y tener buenas relaciones &#8220;buscan separarnos con alambradas&#8221;.<\/p>\n\n\n\n<p>&#8220;Y todo por los votos, pero creo que le va a salir contraproducente porque la gente no va a votar por \u00e9l. No van a votar por \u00e9l, adem\u00e1s en Texas hay muchos de origen mexicano, muchos, muchos paisanos y tambi\u00e9n de otros pa\u00edses de Am\u00e9rica Latina y muchos migrantes&#8221;, expres\u00f3.<\/p>\n\n\n\n<p>En Palacio Nacional, el presidente L\u00f3pez Obrador celebr\u00f3 que el gobierno de Joe Biden haya presentado una denuncia por las acciones del gobernador texano.<\/p>\n\n\n\n<p>&#8220;Porque adem\u00e1s no le corresponde, es un asunto de l\u00edmites internacionales, no le corresponde al gobernador. En el caso nuestro pues todo lo que tiene que ver con las relaciones internacionales es facultad del Ejecutivo federal, no pueden los estados tener acuerdos de ning\u00fan tipo con gobiernos extranjeros.<\/p>\n\n\n\n<p>&#8220;Pero bueno, tambi\u00e9n hay que verlo como lo que es, un acto publicitario, provocativo y corriente&#8221;, dijo.<\/p>\n","protected":false},"excerpt":{"rendered":"<p>El presidente Andr\u00e9s Manuel L\u00f3pez Obrador advirti\u00f3 que las acciones del gobernador de Texas, Greg Abbott, de instalar boyas y alambradas en el R\u00edo Bravo le ser\u00e1n contraproducente y la gente no votar\u00e1 por \u00e9l, pues acus\u00f3 que son actos &#8220;publicitarios, provocativos y corrientes&#8221;. En conferencia de prensa, L\u00f3pez Obrador asegur\u00f3 que en Texas hay [&hellip;]<\/p>\n","protected":false},"author":81,"featured_media":273395,"comment_status":"closed","ping_status":"closed","sticky":false,"template":"","format":"standard","meta":{"footnotes":""},"categories":[36],"tags":[],"class_list":["post-273627","post","type-post","status-publish","format-standard","has-post-thumbnail","hentry","category-nacion"],"_links":{"self":[{"href":"https:\/\/plazajuarez.mx\/historico\/wp-json\/wp\/v2\/posts\/273627","targetHints":{"allow":["GET"]}}],"collection":[{"href":"https:\/\/plazajuarez.mx\/historico\/wp-json\/wp\/v2\/posts"}],"about":[{"href":"https:\/\/plazajuarez.mx\/historico\/wp-json\/wp\/v2\/types\/post"}],"author":[{"embeddable":true,"href":"https:\/\/plazajuarez.mx\/historico\/wp-json\/wp\/v2\/users\/81"}],"replies":[{"embeddable":true,"href":"https:\/\/plazajuarez.mx\/historico\/wp-json\/wp\/v2\/comments?post=273627"}],"version-history":[{"count":0,"href":"https:\/\/plazajuarez.mx\/historico\/wp-json\/wp\/v2\/posts\/273627\/revisions"}],"wp:featuredmedia":[{"embeddable":true,"href":"https:\/\/plazajuarez.mx\/historico\/wp-json\/wp\/v2\/media\/273395"}],"wp:attachment":[{"href":"https:\/\/plazajuarez.mx\/historico\/wp-json\/wp\/v2\/media?parent=273627"}],"wp:term":[{"taxonomy":"category","embeddable":true,"href":"https:\/\/plazajuarez.mx\/historico\/wp-json\/wp\/v2\/categories?post=273627"},{"taxonomy":"post_tag","embeddable":true,"href":"https:\/\/plazajuarez.mx\/historico\/wp-json\/wp\/v2\/tags?post=273627"}],"curies":[{"name":"wp","href":"https:\/\/api.w.org\/{rel}","templated":true}]}}