{"id":27362,"date":"2016-08-27T13:46:19","date_gmt":"2016-08-27T13:46:19","guid":{"rendered":"http:\/\/plazajuarez.mx\/index\/index.php\/2016\/08\/27\/no-a-los-pellizquitos-al-presupuesto-enfatizo-fayad\/"},"modified":"2016-08-27T13:46:19","modified_gmt":"2016-08-27T13:46:19","slug":"no-a-los-pellizquitos-al-presupuesto-enfatizo-fayad","status":"publish","type":"post","link":"https:\/\/plazajuarez.mx\/historico\/no-a-los-pellizquitos-al-presupuesto-enfatizo-fayad\/","title":{"rendered":"\u201cNo a los pellizquitos al presupuesto\u201d, enfatiz\u00f3 Fayad"},"content":{"rendered":"<p id=\"docs-internal-guid-626847e0-cc40-1332-adcb-f5825e6b8827\" dir=\"ltr\" style=\"line-height: 1.2; margin-top: 0pt; margin-bottom: 0pt; text-align: justify;\">\u00a0<\/p>\n<p dir=\"ltr\" style=\"line-height: 1.2; margin-top: 0pt; margin-bottom: 0pt; text-align: justify;\">\u00a0<\/p>\n<p dir=\"ltr\" style=\"text-align: justify;\">Ayer, en la capital hidalguense, concluyeron las Jornadas de Capacitaci\u00f3n a nuevos presidentes municipales, electos el pasado 5 de junio, y como parte del Plan para la Transici\u00f3n y el Fortalecimiento Institucional de los Ayuntamientos 2016-2020, mismas que tuvieron una duraci\u00f3n de 125 horas distribuidas en seis semanas, y donde tambi\u00e9n acudieron quienes fungir\u00e1n como regidores o s\u00edndicos, para sumar alrededor de 800 en total.<\/p>\n<p>  <!--more-->  <\/p>\n<p dir=\"ltr\" style=\"text-align: justify;\">Al respecto el gobernador electo, Omar Fayad Meneses, reconoci\u00f3 el esfuerzo realizado por todas las presidentas y presidentes municipales electos en el estado de Hidalgo, por haber acudido a la capacitaci\u00f3n, y asegur\u00f3 que la verdadera Universidad de la pol\u00edtica no est\u00e1 en las c\u00e1maras legislativas, como muchos han referido, sino en el ejercicio del Gobierno municipal.<\/p>\n<p dir=\"ltr\" style=\"text-align: justify;\">De igual forma, hizo un llamado a los presidentes municipales electos, para que no permitan que haya \u201cpellizcos\u201d de los recursos que se otorgan al municipio, a beneficio de ning\u00fan sector, ya que dijo \u201custedes son Gobierno pero a diferencia del Federal y estatal, ustedes son Gobierno sin dinero, as\u00ed que hago el llamado para que ejerzan con sensatez y responsabilidad el presupuesto asignado&#8221;.<\/p>\n<p dir=\"ltr\" style=\"text-align: justify;\">Y agreg\u00f3 \u201cno permitan que nadie de sus funcionarios ni que nadie de fuera venga a tratar de mermar los recursos de la gente, as\u00ed que no a los -moches- \u00a0ni cuotas a otros sectores por traer lo que es obligaci\u00f3n de los que est\u00e1n arriba al municipio y a la gente. Que nadie d\u00e9 una pellizcada, por peque\u00f1a que sea, a los recursos que son de la gente y para beneficio de \u00e9sta\u201d.<\/p>\n<p dir=\"ltr\" style=\"text-align: justify;\">Por lo anterior, enfatiz\u00f3 el respeto a la Municipalidad en el estado de Hidalgo, y se\u00f1al\u00f3 que hay temas que deben ser bien revisados como los indicadores, ya que a trav\u00e9s de estos se ve reflejada la transparencia, as\u00ed como la eficiencia en el uso de los recursos.<\/p>\n<p dir=\"ltr\" style=\"text-align: justify;\">Asimismo aprovech\u00f3 para destacar el trabajo del gobernador, Francisco Olvera Ruiz, en materia de reconocimiento al municipalismo.<\/p>\n<p dir=\"ltr\" style=\"text-align: justify;\">Por su parte, Olvera Ruiz asever\u00f3 que se requiere de honestidad para que alcancen los recursos, no exagerar en gastar lo que no se tiene, \u201cadem\u00e1s de que algunos prometieron obras que \u00a0las constructoras les hicieron y ahora no alcanza para pagarlas\u201d, explic\u00f3.<\/p>\n","protected":false},"excerpt":{"rendered":"<p>\u00a0 \u00a0 Ayer, en la capital hidalguense, concluyeron las Jornadas de Capacitaci\u00f3n a nuevos presidentes municipales, electos el pasado 5 de junio, y como parte del Plan para la Transici\u00f3n y el Fortalecimiento Institucional de los Ayuntamientos 2016-2020, mismas que tuvieron una duraci\u00f3n de 125 horas distribuidas en seis semanas, y donde tambi\u00e9n acudieron quienes [&hellip;]<\/p>\n","protected":false},"author":3,"featured_media":0,"comment_status":"open","ping_status":"open","sticky":false,"template":"","format":"standard","meta":{"footnotes":""},"categories":[59],"tags":[],"class_list":["post-27362","post","type-post","status-publish","format-standard","hentry","category-general"],"_links":{"self":[{"href":"https:\/\/plazajuarez.mx\/historico\/wp-json\/wp\/v2\/posts\/27362","targetHints":{"allow":["GET"]}}],"collection":[{"href":"https:\/\/plazajuarez.mx\/historico\/wp-json\/wp\/v2\/posts"}],"about":[{"href":"https:\/\/plazajuarez.mx\/historico\/wp-json\/wp\/v2\/types\/post"}],"author":[{"embeddable":true,"href":"https:\/\/plazajuarez.mx\/historico\/wp-json\/wp\/v2\/users\/3"}],"replies":[{"embeddable":true,"href":"https:\/\/plazajuarez.mx\/historico\/wp-json\/wp\/v2\/comments?post=27362"}],"version-history":[{"count":0,"href":"https:\/\/plazajuarez.mx\/historico\/wp-json\/wp\/v2\/posts\/27362\/revisions"}],"wp:attachment":[{"href":"https:\/\/plazajuarez.mx\/historico\/wp-json\/wp\/v2\/media?parent=27362"}],"wp:term":[{"taxonomy":"category","embeddable":true,"href":"https:\/\/plazajuarez.mx\/historico\/wp-json\/wp\/v2\/categories?post=27362"},{"taxonomy":"post_tag","embeddable":true,"href":"https:\/\/plazajuarez.mx\/historico\/wp-json\/wp\/v2\/tags?post=27362"}],"curies":[{"name":"wp","href":"https:\/\/api.w.org\/{rel}","templated":true}]}}