{"id":273610,"date":"2023-08-01T14:10:48","date_gmt":"2023-08-01T20:10:48","guid":{"rendered":"https:\/\/plazajuarez.mx\/?p=273610"},"modified":"2023-08-01T14:10:49","modified_gmt":"2023-08-01T20:10:49","slug":"juan_-2","status":"publish","type":"post","link":"https:\/\/plazajuarez.mx\/historico\/juan_-2\/","title":{"rendered":"Juan Pin, director cubano del documental censurado de Fito P\u00e1ez: \u201cHicieron un papelazo\u201d"},"content":{"rendered":"\n<p>&nbsp;La emisi\u00f3n sin autorizaci\u00f3n del documental La Habana de Fito, del director Juan Pin Vilar (La Habana, 1963), en un programa de la televisi\u00f3n estatal cubana este junio ha levantado una polvareda dentro y fuera de Cuba y provocado un cierre de filas de los cineastas contra el Ministerio de Cultura.<\/p>\n\n\n\n<p>La publicaci\u00f3n de la cinta m\u00e1s reciente de Pin Vilar \u2013sus realizadores advierten de que no era la versi\u00f3n definitiva\u2013, basada en una serie de entrevistas con el roquero argentino Fito P\u00e1ez, no vino de la nada.<\/p>\n\n\n\n<p>En el programa que public\u00f3 el documental \u2013en el que el m\u00fasico toc\u00f3 temas sensibles como la pena de muerte en la isla\u2013 los tertulianos de la televisi\u00f3n estatal criticaron las palabras del artista y aseguraron que est\u00e1 \u201cmal informado\u201d sobre el pa\u00eds.<\/p>\n\n\n\n<p>Meses antes, su proyecci\u00f3n fue cancelada sin previo aviso en una sala habanera.<\/p>\n\n\n\n<p>En entrevista con EFE, Pin Vilar carg\u00f3 contra las decisiones que tomaron las autoridades culturales \u2013\u201chan hecho un papel\u00f3n\u201d\u2013, advirti\u00f3 que esto incluso podr\u00eda llevar al pa\u00eds a perder mucho dinero en los tribunales (la cinta a\u00fan no cuenta con los permisos de la disquera Sony) y lament\u00f3 la censura a la que se somete al sector.<\/p>\n\n\n\n<p>Seg\u00fan Pin Vilar, el viceministro de Cultura de Cuba, Fernando Rojas, lo \u201cllam\u00f3 una hora antes\u201d para informarle de la emisi\u00f3n del programa, a pesar de que el director no le hab\u00eda dado permiso en una llamada telef\u00f3nica previa junto con el entonces director del Instituto Cubano de Arte e Industria Cinematogr\u00e1ficos (ICAIC), Ram\u00f3n Samada \u2013ya destituido\u2013.<\/p>\n\n\n\n<p>\u201cYo le dije que ten\u00eda que consultarlo (&#8230;) mi productor, que est\u00e1 en Buenos Aires, y los distribuidores (tambi\u00e9n en la capital argentina) dijeron que no (&#8230;) (Les) expliqu\u00e9 que eso puede interrumpir la ruta (de la cinta) en festivales (&#8230;) No obstante, ellos en su cabeza de ni\u00f1os chiquitos y abusadores, dijeron: \u2018Vamos a ponerlo de todas maneras\u201d, censur\u00f3 el cineasta.<\/p>\n\n\n\n<p>REACCI\u00d3N DEL SECTOR<\/p>\n\n\n\n<p>Este episodio fue el germen que deriv\u00f3 en la creaci\u00f3n de una asamblea independiente de cineastas, cuyo primer manifiesto cont\u00f3 con la firma de cientos de personas \u2013entre ellos Fernando P\u00e9rez y Jorge Perugorr\u00eda\u2013 y el apoyo t\u00e1cito de figuras de la cultura hist\u00f3ricamente vinculadas al Gobierno cubano, como Silvio Rodr\u00edguez.<\/p>\n\n\n\n<p>La asamblea ha buscado desde entonces dialogar con el Ministerio y ha empujado una agenda que tiene como objetivo terminar con la censura, dar una mayor libertad creativa a los realizadores y establecer una ley de cine.<\/p>\n\n\n\n<p>Sin embargo, esto no detuvo una andanada oficialista en contra de P\u00e1ez \u2013y de Pin Vilar\u2013 por haber sido cr\u00edtico con los dirigentes de la isla y, entre otras cosas, asegurar en los medios que el Estado cubano no puede culpar de todos sus males al embargo econ\u00f3mico estadounidense.<\/p>\n\n\n\n<p>\u201cA m\u00ed lo que me tiene asombrado no es la censura, (sino) lo mentirosos que son (&#8230;) Empiezan a crear una narrativa tratando de mezclarme a m\u00ed con la contrarrevoluci\u00f3n, diciendo que las ideas que yo manejo en el documental coinciden con una campa\u00f1a contra Cuba\u201d, cuenta con tono ir\u00f3nico.<\/p>\n\n\n\n<p>Pin Vilar no le quitar\u00eda ni una coma a las cr\u00edticas del autor de canciones ic\u00f3nicas como El amor despu\u00e9s del amor contra el Gobierno insular.<\/p>\n\n\n\n<p>\u201cYo soy de las personas, igual que Fito, que piensa que el bloqueo (embargo econ\u00f3mico) es un da\u00f1o que existe de verdad. Hay una persecuci\u00f3n financiera contra Cuba\u2026 pero que no haya tomates (en los agromercados) o que tres idiotas tomen esa decisi\u00f3n (censurar el documental) no tiene nada que ver con el bloqueo\u201d, remata.<\/p>\n\n\n\n<p>Tampoco entiende a quienes, desde las esferas oficialistas, justifican decisiones como la que se tom\u00f3 con su cinta arguyendo que Cuba est\u00e1 en guerra con EEUU: \u201cEs inaceptable para un joven con dos dedos de frente pensar que estamos en guerra\u201d.<\/p>\n\n\n\n<p>SIN ESPERANZA DE CAMBIO<\/p>\n\n\n\n<p>Lo sucedido con La Habana de Fito, as\u00ed como la reacci\u00f3n que ha provocado desde el Gobierno \u2013en las \u00faltimas semanas se cre\u00f3 un grupo de trabajo para atender las demandas del gremio\u2013 no le genera mucha esperanza de cambio a Pin Vilar.<\/p>\n\n\n\n<p>\u201cLas revoluciones se hacen para que haya libertades. Es por eso que triunfan (&#8230;) La que t\u00fa pongas. Da igual que la francesa, la mexicana, la cubana, cualquiera. Entonces, en la medida en que esas revoluciones se van convirtiendo en conservadoras, van derivando en Estados dictatoriales, porque no hay nada m\u00e1s dictador que lo conservador\u201d, argumenta.<\/p>\n\n\n\n<p>El cineasta tambi\u00e9n se lament\u00f3 por la fuga de talentos que hay en Cuba, entre otras cosas, motivada por acciones como la que sufri\u00f3 con su largometraje.<\/p>\n\n\n\n<p>\u201cLo m\u00e1s brillante de mi generaci\u00f3n se fue, como lo m\u00e1s brillante de \u00e9sta. En vez de hacer un cine cr\u00edtico y un cine que menciona la realidad, (se pretende hacer) un cine contemplativo, tonto, que no llega a ning\u00fan lugar\u201d, dice.<\/p>\n\n\n\n<p>El director no tiene miedo de las posibles represalias por decir lo que dice sin pelos en la lengua. Aunque s\u00ed admite que tiene \u201cpreocupaci\u00f3n\u201d e \u201cincertidumbre\u201d.<\/p>\n\n\n\n<p>Lo que le deja m\u00e1s tranquilo y satisfecho es la avalancha de solidaridad que lo ha desbordado en las pasadas semanas, en especial de j\u00f3venes que ni siquiera conoce.<\/p>\n\n\n\n<p>\u201cS\u00ed me emociona porque eso me dice que la soluci\u00f3n a los problemas o que el cambio, como le llaman algunos, es posible y es probable desde Cuba. No desde agendas inducidas desde ning\u00fan lugar del mundo, sino desde Cuba\u201d, concluye.<\/p>\n","protected":false},"excerpt":{"rendered":"<p>&nbsp;La emisi\u00f3n sin autorizaci\u00f3n del documental La Habana de Fito, del director Juan Pin Vilar (La Habana, 1963), en un programa de la televisi\u00f3n estatal cubana este junio ha levantado una polvareda dentro y fuera de Cuba y provocado un cierre de filas de los cineastas contra el Ministerio de Cultura. La publicaci\u00f3n de la [&hellip;]<\/p>\n","protected":false},"author":80,"featured_media":273611,"comment_status":"closed","ping_status":"closed","sticky":false,"template":"","format":"standard","meta":{"footnotes":""},"categories":[41],"tags":[],"class_list":["post-273610","post","type-post","status-publish","format-standard","has-post-thumbnail","hentry","category-arteria-cultural"],"_links":{"self":[{"href":"https:\/\/plazajuarez.mx\/historico\/wp-json\/wp\/v2\/posts\/273610","targetHints":{"allow":["GET"]}}],"collection":[{"href":"https:\/\/plazajuarez.mx\/historico\/wp-json\/wp\/v2\/posts"}],"about":[{"href":"https:\/\/plazajuarez.mx\/historico\/wp-json\/wp\/v2\/types\/post"}],"author":[{"embeddable":true,"href":"https:\/\/plazajuarez.mx\/historico\/wp-json\/wp\/v2\/users\/80"}],"replies":[{"embeddable":true,"href":"https:\/\/plazajuarez.mx\/historico\/wp-json\/wp\/v2\/comments?post=273610"}],"version-history":[{"count":0,"href":"https:\/\/plazajuarez.mx\/historico\/wp-json\/wp\/v2\/posts\/273610\/revisions"}],"wp:featuredmedia":[{"embeddable":true,"href":"https:\/\/plazajuarez.mx\/historico\/wp-json\/wp\/v2\/media\/273611"}],"wp:attachment":[{"href":"https:\/\/plazajuarez.mx\/historico\/wp-json\/wp\/v2\/media?parent=273610"}],"wp:term":[{"taxonomy":"category","embeddable":true,"href":"https:\/\/plazajuarez.mx\/historico\/wp-json\/wp\/v2\/categories?post=273610"},{"taxonomy":"post_tag","embeddable":true,"href":"https:\/\/plazajuarez.mx\/historico\/wp-json\/wp\/v2\/tags?post=273610"}],"curies":[{"name":"wp","href":"https:\/\/api.w.org\/{rel}","templated":true}]}}