{"id":27361,"date":"2016-08-27T13:44:43","date_gmt":"2016-08-27T13:44:43","guid":{"rendered":"http:\/\/plazajuarez.mx\/index\/index.php\/2016\/08\/27\/no-hay-presion-para-que-alumnos-marchen-afirma-gerardo-sosa\/"},"modified":"2016-08-27T13:44:43","modified_gmt":"2016-08-27T13:44:43","slug":"no-hay-presion-para-que-alumnos-marchen-afirma-gerardo-sosa","status":"publish","type":"post","link":"https:\/\/plazajuarez.mx\/historico\/no-hay-presion-para-que-alumnos-marchen-afirma-gerardo-sosa\/","title":{"rendered":"No hay presi\u00f3n para que alumnos marchen, afirma Gerardo Sosa"},"content":{"rendered":"<p dir=\"ltr\" style=\"text-align: justify;\">Llev\u00f3 a cabo la Universidad Aut\u00f3noma del Estado de Hidalgo (UAEH), ayer, la inauguraci\u00f3n de la Feria Universitaria del Libro (FUL) en su 29 edici\u00f3n, teniendo como invitado de honor al ex mandatario espa\u00f1ol, Jos\u00e9 Mar\u00eda Aznar, quien recibi\u00f3 el grado de Doctor Honoris Causa, adem\u00e1s de ser part\u00edcipe en el corte de list\u00f3n.<\/p>\n<p>  <!--more-->  <\/p>\n<p dir=\"ltr\" style=\"text-align: justify;\">Durante el recorrido a los stands, el presidente del Patronato Universitario, Gerardo Sosa Castel\u00e1n, refiri\u00f3 que no hay presi\u00f3n hacia los alumnos para realizar la marcha que se tiene programada para el 31 de agosto, si no se cumple con el compromiso del gobernador del pago de la deuda que mantienen con la instituci\u00f3n.<\/p>\n<p dir=\"ltr\" style=\"text-align: justify;\">Asegur\u00f3 que no todos pueden estar de acuerdo con ello \u201cla universidad es plural, en donde convergen todas las ideas y opiniones\u2026. y cualquiera puede expresar sus ideas\u201d pronunci\u00f3 Sosa Castel\u00e1n.<\/p>\n<p dir=\"ltr\" style=\"text-align: justify;\">Reconoci\u00f3 que por parte del gobernador existe el apoyo para poder resolver el problema aunque, resalt\u00f3 que seguir\u00e1n en pie con la marcha programada en caso de que no se resuelva.<\/p>\n<p dir=\"ltr\" style=\"text-align: justify;\">La ceremonia inaugural tuvo arranque con el corte de list\u00f3n, donde estuvieron presentes el rector de la UAEH, Humberto Veras Godoy, Gerardo Sosa, el secretario de Gobierno, Salvador Elguero Molina, evento al que, por cierto, se restringi\u00f3 el acceso a alumnos, invitados y medios de comunicaci\u00f3n.<\/p>\n<p dir=\"ltr\" style=\"text-align: justify;\">Quedaron a las afueras del Auditorio Josefina Garc\u00eda Quintanar la mayor\u00eda de los asistentes, a la espera de poder ingresar, ya que se dec\u00eda el lugar se encontraba lleno en su totalidad, y no hab\u00eda lugar ni para los catedr\u00e1ticos de la UAEH.<\/p>\n<p dir=\"ltr\" style=\"text-align: justify;\">Al finalizar, las autoridades realizaron un recorrido por la Feria del Libro, donde se mostr\u00f3 el espacio dedicado para conocer m\u00e1s sobre la cultura de Alemania, adem\u00e1s de aprender su idioma.<\/p>\n","protected":false},"excerpt":{"rendered":"<p>Llev\u00f3 a cabo la Universidad Aut\u00f3noma del Estado de Hidalgo (UAEH), ayer, la inauguraci\u00f3n de la Feria Universitaria del Libro (FUL) en su 29 edici\u00f3n, teniendo como invitado de honor al ex mandatario espa\u00f1ol, Jos\u00e9 Mar\u00eda Aznar, quien recibi\u00f3 el grado de Doctor Honoris Causa, adem\u00e1s de ser part\u00edcipe en el corte de list\u00f3n.<\/p>\n","protected":false},"author":3,"featured_media":0,"comment_status":"open","ping_status":"open","sticky":false,"template":"","format":"standard","meta":{"footnotes":""},"categories":[59],"tags":[],"class_list":["post-27361","post","type-post","status-publish","format-standard","hentry","category-general"],"_links":{"self":[{"href":"https:\/\/plazajuarez.mx\/historico\/wp-json\/wp\/v2\/posts\/27361","targetHints":{"allow":["GET"]}}],"collection":[{"href":"https:\/\/plazajuarez.mx\/historico\/wp-json\/wp\/v2\/posts"}],"about":[{"href":"https:\/\/plazajuarez.mx\/historico\/wp-json\/wp\/v2\/types\/post"}],"author":[{"embeddable":true,"href":"https:\/\/plazajuarez.mx\/historico\/wp-json\/wp\/v2\/users\/3"}],"replies":[{"embeddable":true,"href":"https:\/\/plazajuarez.mx\/historico\/wp-json\/wp\/v2\/comments?post=27361"}],"version-history":[{"count":0,"href":"https:\/\/plazajuarez.mx\/historico\/wp-json\/wp\/v2\/posts\/27361\/revisions"}],"wp:attachment":[{"href":"https:\/\/plazajuarez.mx\/historico\/wp-json\/wp\/v2\/media?parent=27361"}],"wp:term":[{"taxonomy":"category","embeddable":true,"href":"https:\/\/plazajuarez.mx\/historico\/wp-json\/wp\/v2\/categories?post=27361"},{"taxonomy":"post_tag","embeddable":true,"href":"https:\/\/plazajuarez.mx\/historico\/wp-json\/wp\/v2\/tags?post=27361"}],"curies":[{"name":"wp","href":"https:\/\/api.w.org\/{rel}","templated":true}]}}