{"id":273601,"date":"2023-08-01T14:03:16","date_gmt":"2023-08-01T20:03:16","guid":{"rendered":"https:\/\/plazajuarez.mx\/?p=273601"},"modified":"2023-08-01T14:03:17","modified_gmt":"2023-08-01T20:03:17","slug":"explosion-en-gasera-deja-un-muerto-y-5-heridos","status":"publish","type":"post","link":"https:\/\/plazajuarez.mx\/historico\/explosion-en-gasera-deja-un-muerto-y-5-heridos\/","title":{"rendered":"Explosi\u00f3n en gasera deja un muerto y 5 heridos"},"content":{"rendered":"\n<p>Una de las seis personas que result\u00f3 lesionadas al explotar un tanque de gas LP en la gasera Soni Gas, en Canc\u00fan, falleci\u00f3.<\/p>\n\n\n\n<p>El establecimiento ha sido clausurado por la Direcci\u00f3n de Protecci\u00f3n Civil del municipio de Benito Ju\u00e1rez, con cabecera en Canc\u00fan y las autoridades mantienen las investigaciones sobre lo que provoc\u00f3 la explosi\u00f3n.<\/p>\n\n\n\n<p>Los hechos se registraron a las 15:40 horas de ayer lunes, localizada en la carretera Canc\u00fan-M\u00e9rida.<\/p>\n\n\n\n<p>El titular de Protecci\u00f3n Civil en este municipio, Antonio Riverol, confirm\u00f3 que fueron seis las personas que resultaron heridas y con quemaduras de distintos grados. Uno de ellos muri\u00f3.<\/p>\n\n\n\n<p>Se presume que la explosi\u00f3n fue resultado de una maniobra incorrecta de uno de los despachadores al inyectar mayor gas del debido en el tanque que estall\u00f3.<\/p>\n","protected":false},"excerpt":{"rendered":"<p>Una de las seis personas que result\u00f3 lesionadas al explotar un tanque de gas LP en la gasera Soni Gas, en Canc\u00fan, falleci\u00f3. El establecimiento ha sido clausurado por la Direcci\u00f3n de Protecci\u00f3n Civil del municipio de Benito Ju\u00e1rez, con cabecera en Canc\u00fan y las autoridades mantienen las investigaciones sobre lo que provoc\u00f3 la explosi\u00f3n. [&hellip;]<\/p>\n","protected":false},"author":81,"featured_media":273602,"comment_status":"closed","ping_status":"closed","sticky":false,"template":"","format":"standard","meta":{"footnotes":""},"categories":[37],"tags":[],"class_list":["post-273601","post","type-post","status-publish","format-standard","has-post-thumbnail","hentry","category-barandilla"],"_links":{"self":[{"href":"https:\/\/plazajuarez.mx\/historico\/wp-json\/wp\/v2\/posts\/273601","targetHints":{"allow":["GET"]}}],"collection":[{"href":"https:\/\/plazajuarez.mx\/historico\/wp-json\/wp\/v2\/posts"}],"about":[{"href":"https:\/\/plazajuarez.mx\/historico\/wp-json\/wp\/v2\/types\/post"}],"author":[{"embeddable":true,"href":"https:\/\/plazajuarez.mx\/historico\/wp-json\/wp\/v2\/users\/81"}],"replies":[{"embeddable":true,"href":"https:\/\/plazajuarez.mx\/historico\/wp-json\/wp\/v2\/comments?post=273601"}],"version-history":[{"count":0,"href":"https:\/\/plazajuarez.mx\/historico\/wp-json\/wp\/v2\/posts\/273601\/revisions"}],"wp:featuredmedia":[{"embeddable":true,"href":"https:\/\/plazajuarez.mx\/historico\/wp-json\/wp\/v2\/media\/273602"}],"wp:attachment":[{"href":"https:\/\/plazajuarez.mx\/historico\/wp-json\/wp\/v2\/media?parent=273601"}],"wp:term":[{"taxonomy":"category","embeddable":true,"href":"https:\/\/plazajuarez.mx\/historico\/wp-json\/wp\/v2\/categories?post=273601"},{"taxonomy":"post_tag","embeddable":true,"href":"https:\/\/plazajuarez.mx\/historico\/wp-json\/wp\/v2\/tags?post=273601"}],"curies":[{"name":"wp","href":"https:\/\/api.w.org\/{rel}","templated":true}]}}