{"id":273598,"date":"2023-08-01T14:08:16","date_gmt":"2023-08-01T20:08:16","guid":{"rendered":"https:\/\/plazajuarez.mx\/?p=273598"},"modified":"2023-08-01T14:08:17","modified_gmt":"2023-08-01T20:08:17","slug":"pelaez","status":"publish","type":"post","link":"https:\/\/plazajuarez.mx\/historico\/pelaez\/","title":{"rendered":"Pel\u00e1ez revela el gran problema de Cruz Azul"},"content":{"rendered":"\n<p>Cruz Azul sufri\u00f3, pero avanz\u00f3 a la siguiente fase de la Leagues Cup, sin embargo, la derrota al Inter Miami caus\u00f3 rumores sobre la posible salida de Ricardo Ferretti de la instituci\u00f3n, tomando en cuenta las tres derrotas en el Apertura 2023.<\/p>\n\n\n\n<p>Durante un an\u00e1lisis hecho previo al juego entre la M\u00e1quina y el Atlanta United, Ricardo Pel\u00e1ez, analista de TUDN, revel\u00f3 la principal causa de la situaci\u00f3n que vive el club.<\/p>\n\n\n\n<p>&#8220;El problema principal de Cruz Azul se da en la estructura&#8221;, dijo el exdirectivo celeste.<\/p>\n\n\n\n<p>&#8220;Mucha gente opinando en las contrataciones&#8221;, asegur\u00f3 Pel\u00e1ez.<\/p>\n\n\n\n<p>Tras dicha respuesta de Ricardo, el exdelantero de Cruz Azul, Emanuel Villa, coincidi\u00f3.<\/p>\n\n\n\n<p>&#8220;No solamente opinando, sino tambi\u00e9n decidiendo&#8221;, puntualiz\u00f3.<\/p>\n\n\n\n<p>Pel\u00e1ez lament\u00f3 la actualidad que enfrenta el equipo, principalmente porque no han encontrado las victorias en el Apertura 2023.<\/p>\n\n\n\n<p>&#8220;Desearle un \u00e9xito pronto, porque son muchas derrotas. Un equipo que tiene una gran afici\u00f3n, muy exigente, pero muy solidaria&#8221;, afirm\u00f3.<\/p>\n","protected":false},"excerpt":{"rendered":"<p>Cruz Azul sufri\u00f3, pero avanz\u00f3 a la siguiente fase de la Leagues Cup, sin embargo, la derrota al Inter Miami caus\u00f3 rumores sobre la posible salida de Ricardo Ferretti de la instituci\u00f3n, tomando en cuenta las tres derrotas en el Apertura 2023. Durante un an\u00e1lisis hecho previo al juego entre la M\u00e1quina y el Atlanta [&hellip;]<\/p>\n","protected":false},"author":81,"featured_media":273608,"comment_status":"closed","ping_status":"closed","sticky":false,"template":"","format":"standard","meta":{"footnotes":""},"categories":[39],"tags":[],"class_list":["post-273598","post","type-post","status-publish","format-standard","has-post-thumbnail","hentry","category-deportiva"],"_links":{"self":[{"href":"https:\/\/plazajuarez.mx\/historico\/wp-json\/wp\/v2\/posts\/273598","targetHints":{"allow":["GET"]}}],"collection":[{"href":"https:\/\/plazajuarez.mx\/historico\/wp-json\/wp\/v2\/posts"}],"about":[{"href":"https:\/\/plazajuarez.mx\/historico\/wp-json\/wp\/v2\/types\/post"}],"author":[{"embeddable":true,"href":"https:\/\/plazajuarez.mx\/historico\/wp-json\/wp\/v2\/users\/81"}],"replies":[{"embeddable":true,"href":"https:\/\/plazajuarez.mx\/historico\/wp-json\/wp\/v2\/comments?post=273598"}],"version-history":[{"count":0,"href":"https:\/\/plazajuarez.mx\/historico\/wp-json\/wp\/v2\/posts\/273598\/revisions"}],"wp:featuredmedia":[{"embeddable":true,"href":"https:\/\/plazajuarez.mx\/historico\/wp-json\/wp\/v2\/media\/273608"}],"wp:attachment":[{"href":"https:\/\/plazajuarez.mx\/historico\/wp-json\/wp\/v2\/media?parent=273598"}],"wp:term":[{"taxonomy":"category","embeddable":true,"href":"https:\/\/plazajuarez.mx\/historico\/wp-json\/wp\/v2\/categories?post=273598"},{"taxonomy":"post_tag","embeddable":true,"href":"https:\/\/plazajuarez.mx\/historico\/wp-json\/wp\/v2\/tags?post=273598"}],"curies":[{"name":"wp","href":"https:\/\/api.w.org\/{rel}","templated":true}]}}