{"id":273583,"date":"2023-08-01T13:49:05","date_gmt":"2023-08-01T19:49:05","guid":{"rendered":"https:\/\/plazajuarez.mx\/?p=273583"},"modified":"2023-08-01T14:40:43","modified_gmt":"2023-08-01T20:40:43","slug":"no-hay-limite-de-presupuesto-para-atender-tema-de-desaparecidos","status":"publish","type":"post","link":"https:\/\/plazajuarez.mx\/historico\/no-hay-limite-de-presupuesto-para-atender-tema-de-desaparecidos\/","title":{"rendered":"&#8220;No hay l\u00edmite de presupuesto para atender tema de desaparecidos&#8221;"},"content":{"rendered":"\n<p>El presidente Andr\u00e9s Manuel L\u00f3pez Obrador asegur\u00f3 que hay presupuesto suficiente y no hay l\u00edmite para todo lo que se necesite en el tema de los desaparecidos, pero, sin generalizar, acus\u00f3 que &#8220;hay quienes abusan de esta situaci\u00f3n&#8221; que calific\u00f3 de triste y lastimosa.<\/p>\n\n\n\n<p>EL UNIVERSAL informa este martes que grupos de buscadoras de desaparecidos acusan que est\u00e1n desamparadas ante la inoperancia e indiferencia de las autoridades y el acoso del crimen organizado.<\/p>\n\n\n\n<p>En conferencia de prensa, el Mandatario federal asegur\u00f3 que todos los d\u00edas est\u00e1 trabajando en atender este problema.<\/p>\n\n\n\n<p>&#8220;Todos los d\u00edas estamos trabajando con este prop\u00f3sito, no voy a especificar sobre el presupuesto que destinamos. Antes no hab\u00eda apoyo ahora hay presupuesto suficiente, no hay l\u00edmite para todo lo que se necesite, en estos casos, desde luego no es la generalidad, pero s\u00ed hay tambi\u00e9n quienes abusan de esta situaci\u00f3n tan triste y lastimosa&#8221;, dijo.<\/p>\n\n\n\n<p>El Gran Diario de M\u00e9xico informa en su edici\u00f3n de hoy martes que en un ejercicio realzado se contaron 234 colectivos de buscadoras en M\u00e9xico, una cifra que var\u00eda porque cada vez se suman m\u00e1s familias a esta tarea.<\/p>\n","protected":false},"excerpt":{"rendered":"<p>El presidente Andr\u00e9s Manuel L\u00f3pez Obrador asegur\u00f3 que hay presupuesto suficiente y no hay l\u00edmite para todo lo que se necesite en el tema de los desaparecidos, pero, sin generalizar, acus\u00f3 que &#8220;hay quienes abusan de esta situaci\u00f3n&#8221; que calific\u00f3 de triste y lastimosa. EL UNIVERSAL informa este martes que grupos de buscadoras de desaparecidos [&hellip;]<\/p>\n","protected":false},"author":81,"featured_media":273584,"comment_status":"closed","ping_status":"closed","sticky":false,"template":"","format":"standard","meta":{"footnotes":""},"categories":[15,36,2160],"tags":[],"class_list":["post-273583","post","type-post","status-publish","format-standard","has-post-thumbnail","hentry","category-destacadas","category-nacion","category-noticias-de-la-ciudad-de-mexico"],"_links":{"self":[{"href":"https:\/\/plazajuarez.mx\/historico\/wp-json\/wp\/v2\/posts\/273583","targetHints":{"allow":["GET"]}}],"collection":[{"href":"https:\/\/plazajuarez.mx\/historico\/wp-json\/wp\/v2\/posts"}],"about":[{"href":"https:\/\/plazajuarez.mx\/historico\/wp-json\/wp\/v2\/types\/post"}],"author":[{"embeddable":true,"href":"https:\/\/plazajuarez.mx\/historico\/wp-json\/wp\/v2\/users\/81"}],"replies":[{"embeddable":true,"href":"https:\/\/plazajuarez.mx\/historico\/wp-json\/wp\/v2\/comments?post=273583"}],"version-history":[{"count":0,"href":"https:\/\/plazajuarez.mx\/historico\/wp-json\/wp\/v2\/posts\/273583\/revisions"}],"wp:featuredmedia":[{"embeddable":true,"href":"https:\/\/plazajuarez.mx\/historico\/wp-json\/wp\/v2\/media\/273584"}],"wp:attachment":[{"href":"https:\/\/plazajuarez.mx\/historico\/wp-json\/wp\/v2\/media?parent=273583"}],"wp:term":[{"taxonomy":"category","embeddable":true,"href":"https:\/\/plazajuarez.mx\/historico\/wp-json\/wp\/v2\/categories?post=273583"},{"taxonomy":"post_tag","embeddable":true,"href":"https:\/\/plazajuarez.mx\/historico\/wp-json\/wp\/v2\/tags?post=273583"}],"curies":[{"name":"wp","href":"https:\/\/api.w.org\/{rel}","templated":true}]}}