{"id":273575,"date":"2023-08-01T13:43:26","date_gmt":"2023-08-01T19:43:26","guid":{"rendered":"https:\/\/plazajuarez.mx\/?p=273575"},"modified":"2023-08-01T13:43:28","modified_gmt":"2023-08-01T19:43:28","slug":"se-avanza-en-investigacion-sobre-desaparecida-en-alemania-amlo","status":"publish","type":"post","link":"https:\/\/plazajuarez.mx\/historico\/se-avanza-en-investigacion-sobre-desaparecida-en-alemania-amlo\/","title":{"rendered":"Se avanza en investigaci\u00f3n sobre desaparecida en Alemania: AMLO"},"content":{"rendered":"\n<p>Sobre la desaparici\u00f3n de la joven mexicana Mar\u00eda Fernanda S\u00e1nchez Casta\u00f1eda en Berl\u00edn, Alemania, el presidente Andr\u00e9s Manuel L\u00f3pez Obrador asegur\u00f3 que &#8220;ya se est\u00e1 avanzando mucho en la investigaci\u00f3n&#8221;, pero &#8220;hay una situaci\u00f3n especial&#8221;.<\/p>\n\n\n\n<p>&#8220;Hay una situaci\u00f3n especial que no quiero dar a conocer por razones de prudencia, que tienen que ver con la secrec\u00eda de este caso, pero ya se est\u00e1 avanzando mucho en la investigaci\u00f3n&#8221;, dijo L\u00f3pez Obrador en su conferencia ma\u00f1anera de este martes en Palacio Nacional.<\/p>\n\n\n\n<p>El Presidente destac\u00f3 que las autoridades alemanas ayudan con la investigaci\u00f3n para localizar a la estudiante, desaparecida desde el 22 de julio. Cont\u00f3 adem\u00e1s que la canciller Alicia B\u00e1rcena le dijo que no era necesario que hablara con el presidente alem\u00e1n, Frank-Walter Steinmeier.<\/p>\n\n\n\n<p>Agreg\u00f3 que ya se tienen elementos de pruebas y de gente cercana a Mar\u00eda Fernanda.<\/p>\n\n\n\n<p>Sobre la violaci\u00f3n grupal en contra de una mexicana en Par\u00eds, el presidente L\u00f3pez Obrador afirm\u00f3 que tambi\u00e9n ya se investiga el caso.<\/p>\n","protected":false},"excerpt":{"rendered":"<p>Sobre la desaparici\u00f3n de la joven mexicana Mar\u00eda Fernanda S\u00e1nchez Casta\u00f1eda en Berl\u00edn, Alemania, el presidente Andr\u00e9s Manuel L\u00f3pez Obrador asegur\u00f3 que &#8220;ya se est\u00e1 avanzando mucho en la investigaci\u00f3n&#8221;, pero &#8220;hay una situaci\u00f3n especial&#8221;. &#8220;Hay una situaci\u00f3n especial que no quiero dar a conocer por razones de prudencia, que tienen que ver con la [&hellip;]<\/p>\n","protected":false},"author":81,"featured_media":273576,"comment_status":"closed","ping_status":"closed","sticky":false,"template":"","format":"standard","meta":{"footnotes":""},"categories":[15,36,2160],"tags":[],"class_list":["post-273575","post","type-post","status-publish","format-standard","has-post-thumbnail","hentry","category-destacadas","category-nacion","category-noticias-de-la-ciudad-de-mexico"],"_links":{"self":[{"href":"https:\/\/plazajuarez.mx\/historico\/wp-json\/wp\/v2\/posts\/273575","targetHints":{"allow":["GET"]}}],"collection":[{"href":"https:\/\/plazajuarez.mx\/historico\/wp-json\/wp\/v2\/posts"}],"about":[{"href":"https:\/\/plazajuarez.mx\/historico\/wp-json\/wp\/v2\/types\/post"}],"author":[{"embeddable":true,"href":"https:\/\/plazajuarez.mx\/historico\/wp-json\/wp\/v2\/users\/81"}],"replies":[{"embeddable":true,"href":"https:\/\/plazajuarez.mx\/historico\/wp-json\/wp\/v2\/comments?post=273575"}],"version-history":[{"count":0,"href":"https:\/\/plazajuarez.mx\/historico\/wp-json\/wp\/v2\/posts\/273575\/revisions"}],"wp:featuredmedia":[{"embeddable":true,"href":"https:\/\/plazajuarez.mx\/historico\/wp-json\/wp\/v2\/media\/273576"}],"wp:attachment":[{"href":"https:\/\/plazajuarez.mx\/historico\/wp-json\/wp\/v2\/media?parent=273575"}],"wp:term":[{"taxonomy":"category","embeddable":true,"href":"https:\/\/plazajuarez.mx\/historico\/wp-json\/wp\/v2\/categories?post=273575"},{"taxonomy":"post_tag","embeddable":true,"href":"https:\/\/plazajuarez.mx\/historico\/wp-json\/wp\/v2\/tags?post=273575"}],"curies":[{"name":"wp","href":"https:\/\/api.w.org\/{rel}","templated":true}]}}