{"id":273560,"date":"2023-08-01T13:34:51","date_gmt":"2023-08-01T19:34:51","guid":{"rendered":"https:\/\/plazajuarez.mx\/?p=273560"},"modified":"2023-08-01T13:34:53","modified_gmt":"2023-08-01T19:34:53","slug":"muere-abuelo-que-fue-golpeado-por-policias-en-hidalgo","status":"publish","type":"post","link":"https:\/\/plazajuarez.mx\/historico\/muere-abuelo-que-fue-golpeado-por-policias-en-hidalgo\/","title":{"rendered":"Muere abuelo que fue golpeado por polic\u00edas en Hidalgo"},"content":{"rendered":"\n<p>A trav\u00e9s de redes sociales se exigi\u00f3 justicia para Estanislao Hern\u00e1ndez Hern\u00e1ndez de 60 a\u00f1os de edad, quien la semana pasada fue golpeado por polic\u00edas de Zacualtip\u00e1n Hidalgo, lo que presuntamente origin\u00f3 su deceso el d\u00eda de ayer.<\/p>\n\n\n\n<p>El mi\u00e9rcoles pasado se dio a conocer un video en el que polic\u00edas de esa demarcaci\u00f3n sometieron a golpes a un adulto en situaci\u00f3n de calle, por una falta administrativa bajo el argumento de escandalizar en la v\u00eda p\u00fablica.<\/p>\n\n\n\n<p>Vecinos del lugar grabaron y pidieron a los agentes de seguridad que dejaran de golpear al hombre, a quien de manera violenta subieron a una patrulla.<\/p>\n\n\n\n<p>Derivado de este incidente se denunci\u00f3 que Estanislao hab\u00eda ingresado a la cl\u00ednica del Seguro Social en ese municipio donde perdi\u00f3 la vida.<\/p>\n\n\n\n<p>Seg\u00fan se indic\u00f3 el hombre se encontraba hospitalizado en el \u00e1rea de urgencias luego de qu\u00e9 presentara lesiones graves. Aparentemente un traumatismo craneoencef\u00e1lico.<\/p>\n\n\n\n<p>Vecinos de ese lugar demandaron una investigaci\u00f3n y acusaron que esta situaci\u00f3n deriv\u00f3 del abuso de autoridad y exceso de fuerza que aplicaron los agentes de seguridad en su contra.<\/p>\n\n\n\n<p>A trav\u00e9s de una carta abierta dirigida al presidente Andr\u00e9s Manuel L\u00f3pez Obrador, as\u00ed como al gobernador Julio Menchaca y a la Comisi\u00f3n de Derechos Humanos se\u00f1alaron que hubo brutalidad polic\u00edaca en el caso de Estanislao.<\/p>\n\n\n\n<p>La Procuradur\u00eda de Justicia inform\u00f3 que el d\u00eda de ayer tuvieron conocimiento alrededor de las 8:30 de la ma\u00f1ana por parte del personal del IMSS que Estanislao Hern\u00e1ndez hab\u00eda fallecido.<\/p>\n\n\n\n<p>El ministerio p\u00fablico orden\u00f3 recabar toda las investigaciones necesarias para acreditar la comisi\u00f3n de un delito y en caso de qu\u00e9 se compruebe proceder en contra de quienes resulten responsables.<\/p>\n\n\n\n<p>Tambi\u00e9n se se\u00f1al\u00f3 que el hecho d\u00f3nde el hombre qui\u00e9n fue golpeado por polic\u00edas ocurri\u00f3 el mi\u00e9rcoles 25, y despu\u00e9s de su detenci\u00f3n fue llevado a los separos y posteriormente fue dejado en libertad, dos d\u00edas despu\u00e9s fue localizado en un predio bald\u00edo con las lesiones.<\/p>\n\n\n\n<p>Ante ello se investiga s\u00ed la muerte de Hern\u00e1ndez Hern\u00e1ndez, est\u00e1 vinculada a los golpes que recibi\u00f3 de los polic\u00edas.<\/p>\n","protected":false},"excerpt":{"rendered":"<p>A trav\u00e9s de redes sociales se exigi\u00f3 justicia para Estanislao Hern\u00e1ndez Hern\u00e1ndez de 60 a\u00f1os de edad, quien la semana pasada fue golpeado por polic\u00edas de Zacualtip\u00e1n Hidalgo, lo que presuntamente origin\u00f3 su deceso el d\u00eda de ayer. El mi\u00e9rcoles pasado se dio a conocer un video en el que polic\u00edas de esa demarcaci\u00f3n sometieron [&hellip;]<\/p>\n","protected":false},"author":81,"featured_media":273561,"comment_status":"closed","ping_status":"closed","sticky":false,"template":"","format":"standard","meta":{"footnotes":""},"categories":[37],"tags":[],"class_list":["post-273560","post","type-post","status-publish","format-standard","has-post-thumbnail","hentry","category-barandilla"],"_links":{"self":[{"href":"https:\/\/plazajuarez.mx\/historico\/wp-json\/wp\/v2\/posts\/273560","targetHints":{"allow":["GET"]}}],"collection":[{"href":"https:\/\/plazajuarez.mx\/historico\/wp-json\/wp\/v2\/posts"}],"about":[{"href":"https:\/\/plazajuarez.mx\/historico\/wp-json\/wp\/v2\/types\/post"}],"author":[{"embeddable":true,"href":"https:\/\/plazajuarez.mx\/historico\/wp-json\/wp\/v2\/users\/81"}],"replies":[{"embeddable":true,"href":"https:\/\/plazajuarez.mx\/historico\/wp-json\/wp\/v2\/comments?post=273560"}],"version-history":[{"count":0,"href":"https:\/\/plazajuarez.mx\/historico\/wp-json\/wp\/v2\/posts\/273560\/revisions"}],"wp:featuredmedia":[{"embeddable":true,"href":"https:\/\/plazajuarez.mx\/historico\/wp-json\/wp\/v2\/media\/273561"}],"wp:attachment":[{"href":"https:\/\/plazajuarez.mx\/historico\/wp-json\/wp\/v2\/media?parent=273560"}],"wp:term":[{"taxonomy":"category","embeddable":true,"href":"https:\/\/plazajuarez.mx\/historico\/wp-json\/wp\/v2\/categories?post=273560"},{"taxonomy":"post_tag","embeddable":true,"href":"https:\/\/plazajuarez.mx\/historico\/wp-json\/wp\/v2\/tags?post=273560"}],"curies":[{"name":"wp","href":"https:\/\/api.w.org\/{rel}","templated":true}]}}