{"id":27356,"date":"2016-08-27T13:34:47","date_gmt":"2016-08-27T13:34:47","guid":{"rendered":"http:\/\/plazajuarez.mx\/index\/index.php\/2016\/08\/27\/la-labor-iniciada-en-pachuca-ahora-es-obligatoria-para-todos-los-municipios\/"},"modified":"2016-08-27T13:34:47","modified_gmt":"2016-08-27T13:34:47","slug":"la-labor-iniciada-en-pachuca-ahora-es-obligatoria-para-todos-los-municipios","status":"publish","type":"post","link":"https:\/\/plazajuarez.mx\/historico\/la-labor-iniciada-en-pachuca-ahora-es-obligatoria-para-todos-los-municipios\/","title":{"rendered":"\u201cLa labor iniciada en Pachuca, ahora es obligatoria para todos los municipios\u201d"},"content":{"rendered":"<p dir=\"ltr\" style=\"text-align: justify;\">\u201cCon la Ley General de Derechos de Ni\u00f1as, Ni\u00f1os y Adolescentes, la labor que en Pachuca se viene realizando desde hace 4 a\u00f1os, ahora es obligatoria para todos los municipios\u201d, puntualiz\u00f3 Gabriela Casta\u00f1eda, presidenta del Sistema DIF de la capital hidalguense, durante la primera sesi\u00f3n del Sistema de Protecci\u00f3n Integral de los Derechos de Ni\u00f1as, Ni\u00f1os y Adolescentes de Pachuca (SMPINNA).<\/p>\n<p>  <!--more-->  <\/p>\n<p dir=\"ltr\" style=\"text-align: justify;\">Resalt\u00f3 que una de las banderas prioritarias de esta administraci\u00f3n fue impulsar acciones para construir una ciudad amiga de la infancia, el haber tenido un acercamiento con UNICEF Espa\u00f1a y la Red Mexicana de Ciudades Amigas de la Ni\u00f1ez, dio pauta para lograr tal objetivo.<\/p>\n<p dir=\"ltr\" style=\"text-align: justify;\">Reconoci\u00f3 el apoyo del edil, as\u00ed como de los regidores para concretar este proyecto y hacer posible que las acciones emprendidas en favor de la infancia sean transversales en el Ayuntamiento.<\/p>\n<p dir=\"ltr\" style=\"text-align: justify;\">En su oportunidad, Eleazar Garc\u00eda S\u00e1nchez enfatiz\u00f3 que \u201cDesde el gobierno municipal hemos asumido muchos esfuerzos, sin embargo el apoyo a ni\u00f1as, ni\u00f1os y adolescentes ha sido prioritario, por convicci\u00f3n propia y con el compromiso de la presidenta del DIF Municipal, Gabriela Casta\u00f1eda\u201d.<\/p>\n<p dir=\"ltr\" style=\"text-align: justify;\">Cabe destacar que durante dicha sesi\u00f3n se present\u00f3 el informe de las actividades realizadas por la Secretar\u00eda Ejecutiva del SMPINNA Pachuca entre las que destacan la elaboraci\u00f3n del reglamento del Sistema, siguiendo las recomendaciones del Fondo para la Infancia de las Naciones Unidas (UNICEF) M\u00e9xico.<\/p>\n<p dir=\"ltr\" style=\"text-align: justify;\">Asimismo, se present\u00f3 el Programa Municipal del SMPINNA el cual ha alineado sus acciones al Programa \u201c25 al 25\u201d, el cual busca alcanzar 25 objetivos nacionales para brindar a la ni\u00f1ez y adolescencia las mejores condiciones para su bienestar y desarrollo.<\/p>\n","protected":false},"excerpt":{"rendered":"<p>\u201cCon la Ley General de Derechos de Ni\u00f1as, Ni\u00f1os y Adolescentes, la labor que en Pachuca se viene realizando desde hace 4 a\u00f1os, ahora es obligatoria para todos los municipios\u201d, puntualiz\u00f3 Gabriela Casta\u00f1eda, presidenta del Sistema DIF de la capital hidalguense, durante la primera sesi\u00f3n del Sistema de Protecci\u00f3n Integral de los Derechos de Ni\u00f1as, [&hellip;]<\/p>\n","protected":false},"author":3,"featured_media":0,"comment_status":"open","ping_status":"open","sticky":false,"template":"","format":"standard","meta":{"footnotes":""},"categories":[59],"tags":[],"class_list":["post-27356","post","type-post","status-publish","format-standard","hentry","category-general"],"_links":{"self":[{"href":"https:\/\/plazajuarez.mx\/historico\/wp-json\/wp\/v2\/posts\/27356","targetHints":{"allow":["GET"]}}],"collection":[{"href":"https:\/\/plazajuarez.mx\/historico\/wp-json\/wp\/v2\/posts"}],"about":[{"href":"https:\/\/plazajuarez.mx\/historico\/wp-json\/wp\/v2\/types\/post"}],"author":[{"embeddable":true,"href":"https:\/\/plazajuarez.mx\/historico\/wp-json\/wp\/v2\/users\/3"}],"replies":[{"embeddable":true,"href":"https:\/\/plazajuarez.mx\/historico\/wp-json\/wp\/v2\/comments?post=27356"}],"version-history":[{"count":0,"href":"https:\/\/plazajuarez.mx\/historico\/wp-json\/wp\/v2\/posts\/27356\/revisions"}],"wp:attachment":[{"href":"https:\/\/plazajuarez.mx\/historico\/wp-json\/wp\/v2\/media?parent=27356"}],"wp:term":[{"taxonomy":"category","embeddable":true,"href":"https:\/\/plazajuarez.mx\/historico\/wp-json\/wp\/v2\/categories?post=27356"},{"taxonomy":"post_tag","embeddable":true,"href":"https:\/\/plazajuarez.mx\/historico\/wp-json\/wp\/v2\/tags?post=27356"}],"curies":[{"name":"wp","href":"https:\/\/api.w.org\/{rel}","templated":true}]}}