{"id":273551,"date":"2023-08-01T13:14:38","date_gmt":"2023-08-01T19:14:38","guid":{"rendered":"https:\/\/plazajuarez.mx\/?p=273551"},"modified":"2023-08-01T13:14:40","modified_gmt":"2023-08-01T19:14:40","slug":"ofrendas","status":"publish","type":"post","link":"https:\/\/plazajuarez.mx\/historico\/ofrendas\/","title":{"rendered":"Las ofrendas dulces y los fetos de llama dan inicio al mes de la Pachamama en Bolivia"},"content":{"rendered":"\n<p>El viento g\u00e9lido, com\u00fan en el altiplano boliviano, no frena a las decenas de personas que recorren unos 12 kil\u00f3metros desde La Paz hacia la Cumbre, a 4.700 metros sobre el nivel del mar, para pedir a los achachilas, los sabios protectores, prosperidad y salud en el inicio del mes de la Pachamama.<\/p>\n\n\n\n<p>Las personas, en especial familias y trabajadores se levantaron a la madrugada de este martes o pasaron la noche en la Cumbre, en el departamento de La Paz, para recibir el primer d\u00eda de agosto, el Mes de la Madre Tierra en Bolivia.<\/p>\n\n\n\n<p>Agosto es el mes elegido para las ofrendas porque concluye la primera temporada agr\u00edcola en el mundo andino y, seg\u00fan las comunidades ind\u00edgenas, en este momento del a\u00f1o la Madre Tierra &#8220;abre la boca&#8221; para alimentarse.<\/p>\n\n\n\n<p>Las familias llevan &#8220;mesas&#8221; para alimentar a la tierra y los achachilas, considerados sabios, para pedir prosperidad, amor, trabajo, familia, pero tambi\u00e9n para agradecerle especialmente la salud.<\/p>\n\n\n\n<p>&#8220;Tenemos la costumbre que cada a\u00f1o le damos ofrendas ya que significa un pago a la Pachamama por varias circunstancias, no solamente por el dinero, sino es por todo, venimos a pedir trabajo, salud y bienestar&#8221;, expres\u00f3 a EFE Ren\u00e9 Aduviri, quien realiza ofrendas hace m\u00e1s de 25 a\u00f1os junto a su familia.<\/p>\n\n\n\n<p>LAS OFRENDAS<\/p>\n\n\n\n<p>Las &#8220;mesas&#8221; preparadas previamente por amautas o sabios ind\u00edgenas llevan dulces, unas figuras que representan la petici\u00f3n que se mezclan con lanas de colores, hojas de coca y fetos de llamas disecados, algunos adornados por pan de oro y plata.<\/p>\n\n\n\n<p>&#8220;La dulzura de la mesa de la Pachamama significa la dulzura que queremos tener en nuestras vidas&#8221;, enfatiz\u00f3 Aduviri.<\/p>\n\n\n\n<p>El hombre agreg\u00f3 algunas frutas como manzanas verdes a las &#8220;mesas&#8221; que han preparado para que la Pachamama escuche sus agradecimientos y tambi\u00e9n algunas de sus peticiones.<\/p>\n\n\n\n<p>Todo esto es puesto encima de un sahumerio para que la ofrenda se consuma con el fuego, en medio de ciertas ritualidades como ch&#8217;allar, echar el alcohol a la &#8220;mesa&#8221; y tambi\u00e9n cerveza y a veces se escuchan rezos en el idioma aimara o las personas alzan las manos pidiendo que se &#8220;reciba&#8221; y se &#8220;cumpla&#8221; la oraci\u00f3n.<\/p>\n\n\n\n<p>&#8220;Este tiempo para nuestro pueblo significa que la Pachamama abre la boca y hay que invitarle cosas como las ofrendas, las mesas y venimos a agradecer&#8221;, indic\u00f3 a EFE la directora general de Medicina Tradicional, Viviana Camacho, quien tambi\u00e9n realiz\u00f3 junto a su equipo una ofrenda para la Madre Tierra.<\/p>\n\n\n\n<p>Agreg\u00f3 que hay que ir &#8220;con respeto&#8221;, por lo que limpiaron el lugar antes de realizar la ofrenda, y dijo que esperan que este a\u00f1o la Madre Tierra d\u00e9 &#8220;fortaleza en el camino&#8221;.<\/p>\n\n\n\n<p>Varias de las personas esperan hasta que la ofrenda se consuma entera para ver si la &#8220;mesa&#8221; ha sido bien recibida por la Pachamama, eso se ve en el color de las cenizas, si es blanca la Madre Tierra recibi\u00f3 con regocijo.<\/p>\n\n\n\n<p>&#8220;Yo solo espero que haya una buena siembra de alimentos este a\u00f1o y que la tierra nos provea de agua&#8221;, recalc\u00f3 Aduviri.<\/p>\n\n\n\n<p>Luego las familias y los grupos de amigos se sientan alrededor de las &#8220;mesas&#8221; hasta que se consuma la ofrenda, mientras toman bebidas alcoh\u00f3licas y escuchan m\u00fasica.<\/p>\n\n\n\n<p>As\u00ed como en la Cumbre, estas ceremonias suceden en varios puntos, especialmente de la ciudad de La Paz, en el que incluso participan autoridades del pa\u00eds, en tanto los negocios, restaurantes y algunas casas realizan sus propias ofrendas durante todo este mes.<\/p>\n\n\n\n<p>El vicepresidente de Bolivia, David Choquehuanca, quien se ha presentado en distintos escenarios internacionales como defensor del medioambiente y el vivir bien, record\u00f3 en sus redes sociales que &#8220;agosto, el mes de la Pachamama, un tiempo de agradecimiento y reencuentro con nuestra Madre Tierra&#8221;<\/p>\n\n\n\n<p>&#8220;Un mes para reflexionar sobre la responsabilidad que tenemos en el cuidado de nuestra Madre Tierra. \u00a1Jallalla nuestra #Pachamama!&#8221;, a\u00f1adi\u00f3.<\/p>\n","protected":false},"excerpt":{"rendered":"<p>El viento g\u00e9lido, com\u00fan en el altiplano boliviano, no frena a las decenas de personas que recorren unos 12 kil\u00f3metros desde La Paz hacia la Cumbre, a 4.700 metros sobre el nivel del mar, para pedir a los achachilas, los sabios protectores, prosperidad y salud en el inicio del mes de la Pachamama. Las personas, [&hellip;]<\/p>\n","protected":false},"author":80,"featured_media":273552,"comment_status":"closed","ping_status":"closed","sticky":false,"template":"","format":"standard","meta":{"footnotes":""},"categories":[41,31],"tags":[],"class_list":["post-273551","post","type-post","status-publish","format-standard","has-post-thumbnail","hentry","category-arteria-cultural","category-orbe"],"_links":{"self":[{"href":"https:\/\/plazajuarez.mx\/historico\/wp-json\/wp\/v2\/posts\/273551","targetHints":{"allow":["GET"]}}],"collection":[{"href":"https:\/\/plazajuarez.mx\/historico\/wp-json\/wp\/v2\/posts"}],"about":[{"href":"https:\/\/plazajuarez.mx\/historico\/wp-json\/wp\/v2\/types\/post"}],"author":[{"embeddable":true,"href":"https:\/\/plazajuarez.mx\/historico\/wp-json\/wp\/v2\/users\/80"}],"replies":[{"embeddable":true,"href":"https:\/\/plazajuarez.mx\/historico\/wp-json\/wp\/v2\/comments?post=273551"}],"version-history":[{"count":0,"href":"https:\/\/plazajuarez.mx\/historico\/wp-json\/wp\/v2\/posts\/273551\/revisions"}],"wp:featuredmedia":[{"embeddable":true,"href":"https:\/\/plazajuarez.mx\/historico\/wp-json\/wp\/v2\/media\/273552"}],"wp:attachment":[{"href":"https:\/\/plazajuarez.mx\/historico\/wp-json\/wp\/v2\/media?parent=273551"}],"wp:term":[{"taxonomy":"category","embeddable":true,"href":"https:\/\/plazajuarez.mx\/historico\/wp-json\/wp\/v2\/categories?post=273551"},{"taxonomy":"post_tag","embeddable":true,"href":"https:\/\/plazajuarez.mx\/historico\/wp-json\/wp\/v2\/tags?post=273551"}],"curies":[{"name":"wp","href":"https:\/\/api.w.org\/{rel}","templated":true}]}}