{"id":273548,"date":"2023-08-01T13:07:22","date_gmt":"2023-08-01T19:07:22","guid":{"rendered":"https:\/\/plazajuarez.mx\/?p=273548"},"modified":"2023-08-01T14:40:39","modified_gmt":"2023-08-01T20:40:39","slug":"atletico_","status":"publish","type":"post","link":"https:\/\/plazajuarez.mx\/historico\/atletico_\/","title":{"rendered":"El Atl\u00e9tico de Madrid pone rumbo a Monterrey tras dejar buenas sensaciones en Corea"},"content":{"rendered":"\n<p>&nbsp;El Atl\u00e9tico de Madrid ha puesto rumbo a Monterrey (M\u00e9xico), en la ma\u00f1ana de este lunes, tras dejar buenas sensaciones en Corea del Sur en los dos primeros partidos de la gira de pretemporada, en los que consigui\u00f3 vencer al Manchester City (1-2), vigente campe\u00f3n de la Liga de Campeones, y perdi\u00f3 ante una selecci\u00f3n de la liga local (3-2).<\/p>\n\n\n\n<p>Simeone, que se ha mostrado feliz del &#8220;recibimiento y del cari\u00f1o&#8221; que la gente les ha mostrado en esta semana, destac\u00f3 el &#8220;duelo muy serio ante el mejor equipo del mundo&#8221; que les sirve para &#8220;crear una estructura cuando empiece la temporada&#8221;.<\/p>\n\n\n\n<p>El entrenador argentino, que confes\u00f3 que necesitan &#8220;un grupo fuerte&#8221; con jugadores que aporten &#8220;energ\u00eda, vitalidad y dinamismo&#8221;, afirm\u00f3 que es importante &#8220;seguir con la tranquilidad&#8221; que siempre les ha caracterizado y evitar la euforia.<\/p>\n\n\n\n<p>Los rojiblancos se despiden de Se\u00fal tras ganar, este domingo, al Manchester City, por 1-2 en una muy buena segunda parte de los hombres del &#8216;Cholo&#8217; con goles de Memphis Depay y Yannick Carrasco.<\/p>\n\n\n\n<p>El conjunto madrile\u00f1o se quit\u00f3 el mal sabor de boca del la derrota en el primer partido por 3-2 frente a un combinado de estrellas de la K League, la liga local, en un encuentro en el que no aprovecharon las numerosas ocasiones que generaron.<\/p>\n\n\n\n<p>Las grandes sensaciones de este inicio de pretemporada han sido Samuel Lino y Rodrigo Riquelme que han cuajado grandes actuaciones y han sido los m\u00e1s destacados. El brasile\u00f1o se ha hecho amo y se\u00f1or de la banda izquierda siendo un jugador muy desequilibrante y vertical.<\/p>\n\n\n\n<p>Por su parte, Riquelme, que adelant\u00f3 sus vacaciones para poder estar disponible para la gira, sigue dando motivos para quedarse esta temporada y ser un jugador determinante con muchos minutos.<\/p>\n\n\n\n<p><strong>&#8220;<\/strong>Riquelme&nbsp;y&nbsp;Lino&nbsp;son diferentes a lo que ten\u00edamos. Nos dan velocidad, nos dan lugares por fuera para tener el juego que elijamos&#8221;, afirm\u00f3 el t\u00e9cnico en una de las ruedas de prensa.&nbsp;<\/p>\n\n\n\n<p>Otras de las revelaciones de esta primera parada ha sido Caglar&nbsp;S\u00f6y\u00fcnc\u00fc, que complet\u00f3 los noventa minutos frente al conjunto ingl\u00e9s donde consigui\u00f3 anular a jugadores de la talla de Erling Haaland y Juli\u00e1n \u00c1lvarez ofreciendo un gran rendimiento sobre el verde.<\/p>\n\n\n\n<p>El defensa turco estuvo r\u00e1pido, seguro al corte y expeditivo por alto y se gan\u00f3 los elogios del t\u00e9cnico argentino al que defini\u00f3 como &#8220;un defensor fuerte con rasgos de mucha velocidad y buen juego a\u00e9reo&#8221;.<\/p>\n\n\n\n<p>Por otro lado, Joao F\u00e9lix, que no ha disputado ning\u00fan minuto en estos dos partidos por molestias, sigue a la espera de resolver su futuro tras la pol\u00e9mica generada por unas declaraciones en las que confes\u00f3 que le &#8220;encantar\u00eda jugar en el Barcelona&#8221;.<\/p>\n\n\n\n<p>La situaci\u00f3n de \u00c1lvaro Morata ha cambiado en estos \u00faltimos d\u00edas tras la charla que tuvo en solitario con el t\u00e9cnico en la sesi\u00f3n del pasado mi\u00e9rcoles y las posteriores declaraciones del entrenador: \u201cOjal\u00e1 compita como siempre que ha estado con nosotros y ojal\u00e1 le podamos ayudar a que siga creciendo&#8221;, se\u00f1al\u00f3.<\/p>\n\n\n\n<p>El conjunto colchonero ha puesto rumbo a Monterrey, destino al que llegar\u00e1 esta tarde. All\u00ed se enfrentar\u00e1 a la Real Sociedad el 3 de agosto, antes de viajar a San Francisco para enfrentarse al Sevilla el 6 de agosto en la \u00faltima prueba antes del inicio liguero el 14 de agosto frente al Granada en el C\u00edvitas Metropolitano.<\/p>\n","protected":false},"excerpt":{"rendered":"<p>&nbsp;El Atl\u00e9tico de Madrid ha puesto rumbo a Monterrey (M\u00e9xico), en la ma\u00f1ana de este lunes, tras dejar buenas sensaciones en Corea del Sur en los dos primeros partidos de la gira de pretemporada, en los que consigui\u00f3 vencer al Manchester City (1-2), vigente campe\u00f3n de la Liga de Campeones, y perdi\u00f3 ante una selecci\u00f3n [&hellip;]<\/p>\n","protected":false},"author":80,"featured_media":273549,"comment_status":"closed","ping_status":"closed","sticky":false,"template":"","format":"standard","meta":{"footnotes":""},"categories":[39],"tags":[],"class_list":["post-273548","post","type-post","status-publish","format-standard","has-post-thumbnail","hentry","category-deportiva"],"_links":{"self":[{"href":"https:\/\/plazajuarez.mx\/historico\/wp-json\/wp\/v2\/posts\/273548","targetHints":{"allow":["GET"]}}],"collection":[{"href":"https:\/\/plazajuarez.mx\/historico\/wp-json\/wp\/v2\/posts"}],"about":[{"href":"https:\/\/plazajuarez.mx\/historico\/wp-json\/wp\/v2\/types\/post"}],"author":[{"embeddable":true,"href":"https:\/\/plazajuarez.mx\/historico\/wp-json\/wp\/v2\/users\/80"}],"replies":[{"embeddable":true,"href":"https:\/\/plazajuarez.mx\/historico\/wp-json\/wp\/v2\/comments?post=273548"}],"version-history":[{"count":0,"href":"https:\/\/plazajuarez.mx\/historico\/wp-json\/wp\/v2\/posts\/273548\/revisions"}],"wp:featuredmedia":[{"embeddable":true,"href":"https:\/\/plazajuarez.mx\/historico\/wp-json\/wp\/v2\/media\/273549"}],"wp:attachment":[{"href":"https:\/\/plazajuarez.mx\/historico\/wp-json\/wp\/v2\/media?parent=273548"}],"wp:term":[{"taxonomy":"category","embeddable":true,"href":"https:\/\/plazajuarez.mx\/historico\/wp-json\/wp\/v2\/categories?post=273548"},{"taxonomy":"post_tag","embeddable":true,"href":"https:\/\/plazajuarez.mx\/historico\/wp-json\/wp\/v2\/tags?post=273548"}],"curies":[{"name":"wp","href":"https:\/\/api.w.org\/{rel}","templated":true}]}}