{"id":273503,"date":"2023-08-01T06:04:13","date_gmt":"2023-08-01T12:04:13","guid":{"rendered":"https:\/\/plazajuarez.mx\/?p=273503"},"modified":"2023-08-01T06:04:15","modified_gmt":"2023-08-01T12:04:15","slug":"proxima-semana-cierra-convocatoria-para-concurso-de-oratoria","status":"publish","type":"post","link":"https:\/\/plazajuarez.mx\/historico\/proxima-semana-cierra-convocatoria-para-concurso-de-oratoria\/","title":{"rendered":"Pr\u00f3xima semana cierra convocatoria para concurso de oratoria\u00a0"},"content":{"rendered":"\n<p>El pr\u00f3ximo 13 de septiembre se realizar\u00e1 el Quinto Concurso Nacional de Oratoria \u201cJuan Escutia\u201d, en el recinto del Poder Legislativo de Nayarit, por lo que el Congreso Local de Hidalgo ha emitido la convocatoria para que los j\u00f3venes que deseen participar en la fase estatal se inscriban, ya que de esta din\u00e1mica surgir\u00e1 el perfil que represente a Hidalgo en el certamen nacional.<\/p>\n\n\n\n<p>Los j\u00f3venes hidalguenses de 18 a 29 a\u00f1os de edad que deseen participar en el Concurso Estatal de Oratoria \u201cJuan Escutia\u201d, el cual se llevar\u00e1 a cabo el d\u00eda 28 de agosto de 2023 en el Congreso del Estado de Hidalgo, deber\u00e1n registrarse&nbsp; antes del pr\u00f3ximo 10 de agosto.<\/p>\n\n\n\n<p>Conforme a la convocatoria, la participaci\u00f3n deber\u00e1 hacerse sin ayuda de guiones, con tema libre y con una duraci\u00f3n m\u00ednima de cinco minutos y m\u00e1ximo 10 minutos; cabe destacar que, se evaluar\u00e1 el manejo del discurso, contenido, propuesta, mensaje, originalidad, defensa ideol\u00f3gica, recursos oratorios y&nbsp; otros aspectos.&nbsp;<\/p>\n\n\n\n<p>La convocatoria puede consultarse en las redes sociales del Congreso Local as\u00ed como en su sitio web, o descargarla directamente en: http:\/\/www.congreso-hidalgo.gob.mx\/images\/slider\/LXV\/convocatoria%20juan%20escutia%202023\/convocatoria%20juan%20escutia%202023.pdf.<\/p>\n","protected":false},"excerpt":{"rendered":"<p>El pr\u00f3ximo 13 de septiembre se realizar\u00e1 el Quinto Concurso Nacional de Oratoria \u201cJuan Escutia\u201d, en el recinto del Poder Legislativo de Nayarit, por lo que el Congreso Local de Hidalgo ha emitido la convocatoria para que los j\u00f3venes que deseen participar en la fase estatal se inscriban, ya que de esta din\u00e1mica surgir\u00e1 el [&hellip;]<\/p>\n","protected":false},"author":72,"featured_media":273509,"comment_status":"closed","ping_status":"closed","sticky":false,"template":"","format":"standard","meta":{"footnotes":""},"categories":[15,59],"tags":[],"class_list":["post-273503","post","type-post","status-publish","format-standard","has-post-thumbnail","hentry","category-destacadas","category-general"],"_links":{"self":[{"href":"https:\/\/plazajuarez.mx\/historico\/wp-json\/wp\/v2\/posts\/273503","targetHints":{"allow":["GET"]}}],"collection":[{"href":"https:\/\/plazajuarez.mx\/historico\/wp-json\/wp\/v2\/posts"}],"about":[{"href":"https:\/\/plazajuarez.mx\/historico\/wp-json\/wp\/v2\/types\/post"}],"author":[{"embeddable":true,"href":"https:\/\/plazajuarez.mx\/historico\/wp-json\/wp\/v2\/users\/72"}],"replies":[{"embeddable":true,"href":"https:\/\/plazajuarez.mx\/historico\/wp-json\/wp\/v2\/comments?post=273503"}],"version-history":[{"count":0,"href":"https:\/\/plazajuarez.mx\/historico\/wp-json\/wp\/v2\/posts\/273503\/revisions"}],"wp:featuredmedia":[{"embeddable":true,"href":"https:\/\/plazajuarez.mx\/historico\/wp-json\/wp\/v2\/media\/273509"}],"wp:attachment":[{"href":"https:\/\/plazajuarez.mx\/historico\/wp-json\/wp\/v2\/media?parent=273503"}],"wp:term":[{"taxonomy":"category","embeddable":true,"href":"https:\/\/plazajuarez.mx\/historico\/wp-json\/wp\/v2\/categories?post=273503"},{"taxonomy":"post_tag","embeddable":true,"href":"https:\/\/plazajuarez.mx\/historico\/wp-json\/wp\/v2\/tags?post=273503"}],"curies":[{"name":"wp","href":"https:\/\/api.w.org\/{rel}","templated":true}]}}