{"id":273502,"date":"2023-08-01T06:03:16","date_gmt":"2023-08-01T12:03:16","guid":{"rendered":"https:\/\/plazajuarez.mx\/?p=273502"},"modified":"2023-08-01T06:03:18","modified_gmt":"2023-08-01T12:03:18","slug":"nuevo-cambio-de-secretario-general","status":"publish","type":"post","link":"https:\/\/plazajuarez.mx\/historico\/nuevo-cambio-de-secretario-general\/","title":{"rendered":"Nuevo cambio de secretario general\u00a0"},"content":{"rendered":"\n<p>Luego de la manifestaci\u00f3n encabezada por Itzel Gallardo Vital en contra de Javier Reyes Monzalvo en la presidencia municipal, este perfil fue destituido de la administraci\u00f3n municipal, aunque seg\u00fan fuentes extraoficiales, renunci\u00f3 para poder hacer frente a las acusaciones en su contra, entre las que destacan el presunto encubrimiento de agresi\u00f3n y acoso, cuando fung\u00eda como subsecretario en el gobierno de Omar Fayad.<\/p>\n\n\n\n<p>Por su parte Sergio Ba\u00f1os Rubio, presidente municipal, present\u00f3 en redes sociales al reemplazo, Alberto Escamilla Cidel, quien ayer fue nombrado nuevo Secretario General del ayuntamiento de Pachuca, por lo que con una fotograf\u00eda y el siguiente mensaje: \u201choy design\u00e9 a Hugo, como nuevo Secretario General Municipal del Ayuntamiento de Pachuca. \u00a1Le deseo el mejor de los \u00e9xitos en esta nueva encomienda!\u201d, el alcalde dio la bienvenida a Escamilla Cidel, abogado de profesi\u00f3n.&nbsp;<\/p>\n\n\n\n<p>Asimismo, Ba\u00f1os Rubio realiz\u00f3 una rueda de prensa en la que inform\u00f3 sobre la detenci\u00f3n de 89 personas derivado de los 176 operativos que se realizaron en la semana comprendida del 25 al 28 de julio.<\/p>\n","protected":false},"excerpt":{"rendered":"<p>Luego de la manifestaci\u00f3n encabezada por Itzel Gallardo Vital en contra de Javier Reyes Monzalvo en la presidencia municipal, este perfil fue destituido de la administraci\u00f3n municipal, aunque seg\u00fan fuentes extraoficiales, renunci\u00f3 para poder hacer frente a las acusaciones en su contra, entre las que destacan el presunto encubrimiento de agresi\u00f3n y acoso, cuando fung\u00eda [&hellip;]<\/p>\n","protected":false},"author":72,"featured_media":273506,"comment_status":"closed","ping_status":"closed","sticky":false,"template":"","format":"standard","meta":{"footnotes":""},"categories":[15,59],"tags":[],"class_list":["post-273502","post","type-post","status-publish","format-standard","has-post-thumbnail","hentry","category-destacadas","category-general"],"_links":{"self":[{"href":"https:\/\/plazajuarez.mx\/historico\/wp-json\/wp\/v2\/posts\/273502","targetHints":{"allow":["GET"]}}],"collection":[{"href":"https:\/\/plazajuarez.mx\/historico\/wp-json\/wp\/v2\/posts"}],"about":[{"href":"https:\/\/plazajuarez.mx\/historico\/wp-json\/wp\/v2\/types\/post"}],"author":[{"embeddable":true,"href":"https:\/\/plazajuarez.mx\/historico\/wp-json\/wp\/v2\/users\/72"}],"replies":[{"embeddable":true,"href":"https:\/\/plazajuarez.mx\/historico\/wp-json\/wp\/v2\/comments?post=273502"}],"version-history":[{"count":0,"href":"https:\/\/plazajuarez.mx\/historico\/wp-json\/wp\/v2\/posts\/273502\/revisions"}],"wp:featuredmedia":[{"embeddable":true,"href":"https:\/\/plazajuarez.mx\/historico\/wp-json\/wp\/v2\/media\/273506"}],"wp:attachment":[{"href":"https:\/\/plazajuarez.mx\/historico\/wp-json\/wp\/v2\/media?parent=273502"}],"wp:term":[{"taxonomy":"category","embeddable":true,"href":"https:\/\/plazajuarez.mx\/historico\/wp-json\/wp\/v2\/categories?post=273502"},{"taxonomy":"post_tag","embeddable":true,"href":"https:\/\/plazajuarez.mx\/historico\/wp-json\/wp\/v2\/tags?post=273502"}],"curies":[{"name":"wp","href":"https:\/\/api.w.org\/{rel}","templated":true}]}}