{"id":273493,"date":"2023-08-01T05:54:19","date_gmt":"2023-08-01T11:54:19","guid":{"rendered":"https:\/\/plazajuarez.mx\/?p=273493"},"modified":"2023-08-01T05:54:21","modified_gmt":"2023-08-01T11:54:21","slug":"ya-esta-abierta-la-segunda-fecha-de-admision-en-la-upt","status":"publish","type":"post","link":"https:\/\/plazajuarez.mx\/historico\/ya-esta-abierta-la-segunda-fecha-de-admision-en-la-upt\/","title":{"rendered":"Ya est\u00e1 abierta la segunda fecha de admisi\u00f3n en la UPT"},"content":{"rendered":"\n<p>Felipe Dur\u00e1n Rocha, rector de la Universidad Polit\u00e9cnica de Tulancingo (UPT), inform\u00f3 que el pr\u00f3ximo 10 de agosto es el \u00faltimo d\u00eda para que los aspirantes a ingresar al&nbsp; cuatrimestre septiembre-diciembre 2023, puedan obtener una ficha e iniciar su proceso de admisi\u00f3n en lo que es la segunda convocatoria de este a\u00f1o.&nbsp;<\/p>\n\n\n\n<p>Explic\u00f3 que los j\u00f3venes aspirantes deber\u00e1n ser egresados de bachillerato, y que el tr\u00e1mite se podr\u00e1 realizar v\u00eda internet; a trav\u00e9s del Sistema Integral de Gesti\u00f3n y Administraci\u00f3n Escolar (SIGAE), donde el aspirante ingresar\u00e1 su Clave \u00danica de Registro de Poblaci\u00f3n (CURP) y tel\u00e9fono celular, en la direcci\u00f3n: <a href=\"https:\/\/sigae.upt.edu.mx\/ficha\/aspirante\">https:\/\/sigae.upt.edu.mx\/ficha\/aspirante<\/a>. Adem\u00e1s se\u00f1al\u00f3 que se piden los siguientes datos: nombre completo, sexo, fecha de nacimiento, direcci\u00f3n y correo electr\u00f3nico.<\/p>\n\n\n\n<p>Por otra parte, es importante se\u00f1alar que el costo de la ficha, en esta ocasi\u00f3n, es de 283 pesos y el dep\u00f3sito se puede realizar en cualquier sucursal BBVA o bien mediante transferencia electr\u00f3nica.<\/p>\n\n\n\n<p>Las personas interesadas podr\u00e1 ingresar a las siguientes Licenciaturas: Ingenier\u00eda Financiera, Administraci\u00f3n y Gesti\u00f3n de Empresas, y Negocios Internacionales; en el caso de Ingenier\u00edas, la UPT oferta: Civil, Rob\u00f3tica, Tecnolog\u00edas de Manufactura, Industrial, Sistemas Computacionales y Electr\u00f3nica, y Telecomunicaciones. Dur\u00e1n Rocha destac\u00f3 que&nbsp; la oferta educativa y el proceso de admisi\u00f3n se pueden consultar en las redes sociales oficiales de la instituci\u00f3n o en la p\u00e1gina web <a href=\"http:\/\/www.upt.edu.mx\">www.upt.edu.mx<\/a>.<\/p>\n","protected":false},"excerpt":{"rendered":"<p>Felipe Dur\u00e1n Rocha, rector de la Universidad Polit\u00e9cnica de Tulancingo (UPT), inform\u00f3 que el pr\u00f3ximo 10 de agosto es el \u00faltimo d\u00eda para que los aspirantes a ingresar al&nbsp; cuatrimestre septiembre-diciembre 2023, puedan obtener una ficha e iniciar su proceso de admisi\u00f3n en lo que es la segunda convocatoria de este a\u00f1o.&nbsp; Explic\u00f3 que los [&hellip;]<\/p>\n","protected":false},"author":72,"featured_media":273495,"comment_status":"closed","ping_status":"closed","sticky":false,"template":"","format":"standard","meta":{"footnotes":""},"categories":[15,59],"tags":[],"class_list":["post-273493","post","type-post","status-publish","format-standard","has-post-thumbnail","hentry","category-destacadas","category-general"],"_links":{"self":[{"href":"https:\/\/plazajuarez.mx\/historico\/wp-json\/wp\/v2\/posts\/273493","targetHints":{"allow":["GET"]}}],"collection":[{"href":"https:\/\/plazajuarez.mx\/historico\/wp-json\/wp\/v2\/posts"}],"about":[{"href":"https:\/\/plazajuarez.mx\/historico\/wp-json\/wp\/v2\/types\/post"}],"author":[{"embeddable":true,"href":"https:\/\/plazajuarez.mx\/historico\/wp-json\/wp\/v2\/users\/72"}],"replies":[{"embeddable":true,"href":"https:\/\/plazajuarez.mx\/historico\/wp-json\/wp\/v2\/comments?post=273493"}],"version-history":[{"count":0,"href":"https:\/\/plazajuarez.mx\/historico\/wp-json\/wp\/v2\/posts\/273493\/revisions"}],"wp:featuredmedia":[{"embeddable":true,"href":"https:\/\/plazajuarez.mx\/historico\/wp-json\/wp\/v2\/media\/273495"}],"wp:attachment":[{"href":"https:\/\/plazajuarez.mx\/historico\/wp-json\/wp\/v2\/media?parent=273493"}],"wp:term":[{"taxonomy":"category","embeddable":true,"href":"https:\/\/plazajuarez.mx\/historico\/wp-json\/wp\/v2\/categories?post=273493"},{"taxonomy":"post_tag","embeddable":true,"href":"https:\/\/plazajuarez.mx\/historico\/wp-json\/wp\/v2\/tags?post=273493"}],"curies":[{"name":"wp","href":"https:\/\/api.w.org\/{rel}","templated":true}]}}