{"id":273408,"date":"2023-07-31T14:35:10","date_gmt":"2023-07-31T20:35:10","guid":{"rendered":"https:\/\/plazajuarez.mx\/?p=273408"},"modified":"2023-07-31T14:35:11","modified_gmt":"2023-07-31T20:35:11","slug":"marcelo_-7","status":"publish","type":"post","link":"https:\/\/plazajuarez.mx\/historico\/marcelo_-7\/","title":{"rendered":"Marcelo Ebrard presenta Plan de Salud; promete cobertura universal"},"content":{"rendered":"\n<p> Con la cobertura universal como eje, el aspirante Marcelo Ebrard present\u00f3 un plan de cinco puntos en materia de salud que implementar\u00e1 en caso de llegar a la Presidencia de la Rep\u00fablica.<\/p>\n\n\n\n<p>Los cinco puntos constan de: cobertura universal; prevenci\u00f3n, detecci\u00f3n y atenci\u00f3n de enfermedades cr\u00f3nicas con nuevas cl\u00ednicas; tratamientos innovadores y telemedicina; vacunas producidas en M\u00e9xico y atenci\u00f3n prioritaria para adultos mayores, infancia, salud mental y reproductiva.<\/p>\n\n\n\n<p>Durante un evento en la Ciudad de M\u00e9xico, subray\u00f3 que el presidente Andr\u00e9s Manuel L\u00f3pez Obrador ha fortalecido el sistema de salud y que esto forma un cimiento s\u00f3lido que es la base para lo que sigue.<\/p>\n\n\n\n<p>&#8220;Tengo la plena convicci\u00f3n de que podemos y vamos a alcanzar un sistema de salud universal y de calidad&#8221;, sostuvo.<\/p>\n\n\n\n<p>Expuso que el reto es atender a 37 millones de personas que no tienen acceso permanente a servicios de salud, por lo que se debe ampliar la atenci\u00f3n primaria a la salud.<\/p>\n\n\n\n<p>&#8220;\u00bfQu\u00e9 sigue? Medicamentos y vacunas. Cuando empez\u00f3 el Covid-19 no produc\u00edamos en M\u00e9xico ya pr\u00e1cticamente ninguna vacuna. Porque se estableci\u00f3 durante un tiempo que eso no era importante, porque la econom\u00eda es global y lo puedes traer de cualquier lado donde lo hacen m\u00e1s barato&#8221;, se\u00f1al\u00f3.<\/p>\n\n\n\n<p>&#8220;Aprendimos que esa tesis debe ser superada. Nosotros tenemos que producir vacunas y la mayor gama de medicamentos posibles. Sobre todo, aquellos que determinan la vida de grandes segmentos de la poblaci\u00f3n&#8221;, apunt\u00f3.<\/p>\n","protected":false},"excerpt":{"rendered":"<p>Con la cobertura universal como eje, el aspirante Marcelo Ebrard present\u00f3 un plan de cinco puntos en materia de salud que implementar\u00e1 en caso de llegar a la Presidencia de la Rep\u00fablica. Los cinco puntos constan de: cobertura universal; prevenci\u00f3n, detecci\u00f3n y atenci\u00f3n de enfermedades cr\u00f3nicas con nuevas cl\u00ednicas; tratamientos innovadores y telemedicina; vacunas producidas [&hellip;]<\/p>\n","protected":false},"author":81,"featured_media":273409,"comment_status":"closed","ping_status":"closed","sticky":false,"template":"","format":"standard","meta":{"footnotes":""},"categories":[15,36],"tags":[],"class_list":["post-273408","post","type-post","status-publish","format-standard","has-post-thumbnail","hentry","category-destacadas","category-nacion"],"_links":{"self":[{"href":"https:\/\/plazajuarez.mx\/historico\/wp-json\/wp\/v2\/posts\/273408","targetHints":{"allow":["GET"]}}],"collection":[{"href":"https:\/\/plazajuarez.mx\/historico\/wp-json\/wp\/v2\/posts"}],"about":[{"href":"https:\/\/plazajuarez.mx\/historico\/wp-json\/wp\/v2\/types\/post"}],"author":[{"embeddable":true,"href":"https:\/\/plazajuarez.mx\/historico\/wp-json\/wp\/v2\/users\/81"}],"replies":[{"embeddable":true,"href":"https:\/\/plazajuarez.mx\/historico\/wp-json\/wp\/v2\/comments?post=273408"}],"version-history":[{"count":0,"href":"https:\/\/plazajuarez.mx\/historico\/wp-json\/wp\/v2\/posts\/273408\/revisions"}],"wp:featuredmedia":[{"embeddable":true,"href":"https:\/\/plazajuarez.mx\/historico\/wp-json\/wp\/v2\/media\/273409"}],"wp:attachment":[{"href":"https:\/\/plazajuarez.mx\/historico\/wp-json\/wp\/v2\/media?parent=273408"}],"wp:term":[{"taxonomy":"category","embeddable":true,"href":"https:\/\/plazajuarez.mx\/historico\/wp-json\/wp\/v2\/categories?post=273408"},{"taxonomy":"post_tag","embeddable":true,"href":"https:\/\/plazajuarez.mx\/historico\/wp-json\/wp\/v2\/tags?post=273408"}],"curies":[{"name":"wp","href":"https:\/\/api.w.org\/{rel}","templated":true}]}}