{"id":273394,"date":"2023-07-31T13:43:14","date_gmt":"2023-07-31T19:43:14","guid":{"rendered":"https:\/\/plazajuarez.mx\/?p=273394"},"modified":"2023-07-31T13:43:15","modified_gmt":"2023-07-31T19:43:15","slug":"amlo_-56","status":"publish","type":"post","link":"https:\/\/plazajuarez.mx\/historico\/amlo_-56\/","title":{"rendered":"Censo de desaparecidos estar\u00e1 listo en tres meses, adelanta AMLO"},"content":{"rendered":"\n<p>El presidente Andr\u00e9s Manuel L\u00f3pez Obrador afirm\u00f3 que en cerca de tres meses estar\u00e1 listo el censo de personas desaparecidas, y el cual detall\u00f3 es llevado a cabo, por gobiernos estatales, estatales, las fiscal\u00edas y los Servidores de la Naci\u00f3n.<\/p>\n\n\n\n<p>L\u00f3pez Obrador indic\u00f3 que se decidi\u00f3 llevar a cabo este censo debido a que en este hab\u00eda personas que se reportaban desaparecidas, pero que afortunadamente est\u00e1n vivas y est\u00e1n con sus familiares y ya no se quitaban de la lista.<\/p>\n\n\n\n<p>&#8220;Se avanza bien (el censo), se est\u00e1 haciendo una actualizaci\u00f3n del censo de personas desaparecidas porque se empez\u00f3 a reportar que hab\u00eda personas que se consideraban desaparecidas y afortunadamente est\u00e1n vivas y est\u00e1n con sus familiares. \u00bfQu\u00e9 suced\u00eda? Que en algunos casos se denunciaba que hab\u00eda desaparecido, se encontraba a la persona y ya no se quitaba de la lista, por eso nos llam\u00f3 la atenci\u00f3n que eran muchos, s\u00ed hay miles de desaparecidos, pero no la cantidad que establece el censo, entonces decidimos llevar a cabo un programa de b\u00fasqueda, de ir casa por casa y lo estamos haciendo y afortunadamente estamos encontrando muchos, un porcentaje considerable de personas que estaban reportadas como desaparecidas. Vamos a dar a conocer los datos, pero est\u00e1 sucediendo eso&#8221;, argument\u00f3.<\/p>\n\n\n\n<p>Gobiernos estatales, fiscal\u00edas, gobierno federal y Servidores de la Naci\u00f3n participan en el censo<\/p>\n\n\n\n<p>El Mandatario federal detall\u00f3 que en este censo participan gobiernos estatales, las fiscal\u00edas, del gobierno federal y Servidores de la Naci\u00f3n &#8220;que son los que trabajan en las colonias, pueblos, comunidades. S\u00ed, van a ver a las familias y preguntan y se encuentran que ya est\u00e1n ah\u00ed las personas que, no todos, estamos hablando de un porcentaje, que se est\u00e1n encontrando en sus domicilios&#8221;.<\/p>\n\n\n\n<p>&#8220;\u00bfPara cu\u00e1ndo estar\u00e1 listo el censo?&#8221;, se le pegunt\u00f3.<\/p>\n\n\n\n<p>&#8220;Pienso que, en unos tres meses, porque ya llevamos alg\u00fan tiempo avanzando en esto, y lo estamos haciendo porque nos ayuda mucho a saber c\u00f3mo vamos. Antes no hab\u00eda un programa de estos, en los gobiernos anteriores, ahora estamos en la b\u00fasqueda de desaparecidos, lo que no se hac\u00eda antes, incluso hay un presupuesto dedicado a la b\u00fasqueda de personas desaparecidas&#8221;, se\u00f1al\u00f3.<\/p>\n\n\n\n<p>En el sal\u00f3n Tesorer\u00eda de Palacio Nacional, el presidente Andr\u00e9s Manuel L\u00f3pez Obrador acus\u00f3 que en este tema &#8220;hay mucha politiquer\u00eda&#8221;.<\/p>\n\n\n\n<p>&#8220;No estoy hablando de los padres ni de los familiares, ni de las v\u00edctimas, estoy hablando de los conservadores que est\u00e1n en contra de nosotros, que andan con sus medios de informaci\u00f3n o de manipulaci\u00f3n, no generalizo, zopiloteando siempre. Esa es su tarea principal&#8221;, declar\u00f3.<\/p>\n","protected":false},"excerpt":{"rendered":"<p>El presidente Andr\u00e9s Manuel L\u00f3pez Obrador afirm\u00f3 que en cerca de tres meses estar\u00e1 listo el censo de personas desaparecidas, y el cual detall\u00f3 es llevado a cabo, por gobiernos estatales, estatales, las fiscal\u00edas y los Servidores de la Naci\u00f3n. L\u00f3pez Obrador indic\u00f3 que se decidi\u00f3 llevar a cabo este censo debido a que en [&hellip;]<\/p>\n","protected":false},"author":81,"featured_media":273395,"comment_status":"closed","ping_status":"closed","sticky":false,"template":"","format":"standard","meta":{"footnotes":""},"categories":[36],"tags":[],"class_list":["post-273394","post","type-post","status-publish","format-standard","has-post-thumbnail","hentry","category-nacion"],"_links":{"self":[{"href":"https:\/\/plazajuarez.mx\/historico\/wp-json\/wp\/v2\/posts\/273394","targetHints":{"allow":["GET"]}}],"collection":[{"href":"https:\/\/plazajuarez.mx\/historico\/wp-json\/wp\/v2\/posts"}],"about":[{"href":"https:\/\/plazajuarez.mx\/historico\/wp-json\/wp\/v2\/types\/post"}],"author":[{"embeddable":true,"href":"https:\/\/plazajuarez.mx\/historico\/wp-json\/wp\/v2\/users\/81"}],"replies":[{"embeddable":true,"href":"https:\/\/plazajuarez.mx\/historico\/wp-json\/wp\/v2\/comments?post=273394"}],"version-history":[{"count":0,"href":"https:\/\/plazajuarez.mx\/historico\/wp-json\/wp\/v2\/posts\/273394\/revisions"}],"wp:featuredmedia":[{"embeddable":true,"href":"https:\/\/plazajuarez.mx\/historico\/wp-json\/wp\/v2\/media\/273395"}],"wp:attachment":[{"href":"https:\/\/plazajuarez.mx\/historico\/wp-json\/wp\/v2\/media?parent=273394"}],"wp:term":[{"taxonomy":"category","embeddable":true,"href":"https:\/\/plazajuarez.mx\/historico\/wp-json\/wp\/v2\/categories?post=273394"},{"taxonomy":"post_tag","embeddable":true,"href":"https:\/\/plazajuarez.mx\/historico\/wp-json\/wp\/v2\/tags?post=273394"}],"curies":[{"name":"wp","href":"https:\/\/api.w.org\/{rel}","templated":true}]}}