{"id":273388,"date":"2023-07-31T13:30:27","date_gmt":"2023-07-31T19:30:27","guid":{"rendered":"https:\/\/plazajuarez.mx\/?p=273388"},"modified":"2023-07-31T13:30:28","modified_gmt":"2023-07-31T19:30:28","slug":"coca_","status":"publish","type":"post","link":"https:\/\/plazajuarez.mx\/historico\/coca_\/","title":{"rendered":"Futuro Coca re\u00fane en Bogot\u00e1 a expertos y consumidores para desmitificar la hoja de coca"},"content":{"rendered":"\n<p>Varios centenares de personas se reunieron este fin de semana en Bogot\u00e1 en el primer festival Futuro Coca, una cita donde expertos y consumidores defendieron una desmitificaci\u00f3n de la hoja de coca y la necesidad de un cambio de enfoque en las pol\u00edticas y la cultura popular para &#8220;ver la coca como un aliado de Colombia&#8221;.<\/p>\n\n\n\n<p>&#8220;La coca no es igual a la coca\u00edna&#8221; fue la premisa m\u00e1s repetida en este encuentro en el Gimnasio Moderno de la capital colombiana, y para eso se tiene que &#8220;cambiar la narrativa&#8221;, defendi\u00f3 la periodista Mar\u00eda Jimena Duz\u00e1n, una de las participantes en los foros, p\u00f3dcast y charlas que han compuesto el festival.<\/p>\n\n\n\n<p>Bajo un apremiante sol, los asistentes pudieron disfrutar de gastronom\u00eda que desestigmatiza la hoja de coca al incluirla en sus recetas, aprender de la mata y comprar productos producidos con harina de coca, como por ejemplo queso o gaseosas.<\/p>\n\n\n\n<p>Tambi\u00e9n los talleres para ni\u00f1os, y para adultos, y rituales acompa\u00f1ados de ind\u00edgenas han sido algunas de las actividades que han pedido desde Bogot\u00e1 un cambio de mentalidad sobre la hoja de coca, reivindicando su valor cultural y ancestral.<\/p>\n\n\n\n<p>Varios representantes del Gobierno de Gustavo Petro tambi\u00e9n participaron en estos dos d\u00edas para explicar el cambio de aproximaci\u00f3n al problema de las drogas que defiende la Administraci\u00f3n. Esta busca dejar de perseguir a peque\u00f1os campesinos que cultiven coca e ir detr\u00e1s de los grandes narcotraficantes.<\/p>\n\n\n\n<p>El \u00faltimo informe sobre cultivos de coca, publicado en julio del a\u00f1o pasado con datos de 2021, encontr\u00f3 una reducci\u00f3n tanto de la producci\u00f3n de coca\u00edna como de las hect\u00e1reas cultivadas de coca en Colombia.<\/p>\n\n\n\n<p>Por su parte, el \u00faltimo balance de la la Oficina de las Naciones Unidas contra la Droga y el Delito (UNODC), lanzado en octubre de 2022, report\u00f3 un incremento del 43 % en el \u00e1rea sembrada con coca en ese pa\u00eds, pasando de 143.000 hect\u00e1reas en 2020 a 204.000 en 2021<\/p>\n","protected":false},"excerpt":{"rendered":"<p>Varios centenares de personas se reunieron este fin de semana en Bogot\u00e1 en el primer festival Futuro Coca, una cita donde expertos y consumidores defendieron una desmitificaci\u00f3n de la hoja de coca y la necesidad de un cambio de enfoque en las pol\u00edticas y la cultura popular para &#8220;ver la coca como un aliado de [&hellip;]<\/p>\n","protected":false},"author":80,"featured_media":273389,"comment_status":"closed","ping_status":"closed","sticky":false,"template":"","format":"standard","meta":{"footnotes":""},"categories":[41],"tags":[],"class_list":["post-273388","post","type-post","status-publish","format-standard","has-post-thumbnail","hentry","category-arteria-cultural"],"_links":{"self":[{"href":"https:\/\/plazajuarez.mx\/historico\/wp-json\/wp\/v2\/posts\/273388","targetHints":{"allow":["GET"]}}],"collection":[{"href":"https:\/\/plazajuarez.mx\/historico\/wp-json\/wp\/v2\/posts"}],"about":[{"href":"https:\/\/plazajuarez.mx\/historico\/wp-json\/wp\/v2\/types\/post"}],"author":[{"embeddable":true,"href":"https:\/\/plazajuarez.mx\/historico\/wp-json\/wp\/v2\/users\/80"}],"replies":[{"embeddable":true,"href":"https:\/\/plazajuarez.mx\/historico\/wp-json\/wp\/v2\/comments?post=273388"}],"version-history":[{"count":0,"href":"https:\/\/plazajuarez.mx\/historico\/wp-json\/wp\/v2\/posts\/273388\/revisions"}],"wp:featuredmedia":[{"embeddable":true,"href":"https:\/\/plazajuarez.mx\/historico\/wp-json\/wp\/v2\/media\/273389"}],"wp:attachment":[{"href":"https:\/\/plazajuarez.mx\/historico\/wp-json\/wp\/v2\/media?parent=273388"}],"wp:term":[{"taxonomy":"category","embeddable":true,"href":"https:\/\/plazajuarez.mx\/historico\/wp-json\/wp\/v2\/categories?post=273388"},{"taxonomy":"post_tag","embeddable":true,"href":"https:\/\/plazajuarez.mx\/historico\/wp-json\/wp\/v2\/tags?post=273388"}],"curies":[{"name":"wp","href":"https:\/\/api.w.org\/{rel}","templated":true}]}}