{"id":273382,"date":"2023-07-31T13:23:59","date_gmt":"2023-07-31T19:23:59","guid":{"rendered":"https:\/\/plazajuarez.mx\/?p=273382"},"modified":"2023-07-31T13:24:03","modified_gmt":"2023-07-31T19:24:03","slug":"mexico_-19","status":"publish","type":"post","link":"https:\/\/plazajuarez.mx\/historico\/mexico_-19\/","title":{"rendered":"&#8220;M\u00e9xico puede ser el caballo negro en el Mundial de Baloncesto&#8221;"},"content":{"rendered":"\n<p>La Selecci\u00f3n Mexicana de Baloncesto est\u00e1 cada vez m\u00e1s cerca de emprender su viaje al continente asi\u00e1tico para disputar la Copa del Mundo de Baloncesto, y antes del partido despedida frente a Argentina, el entrenador de los &#8217;12 Guerreros&#8217;, Omar Quintero, present\u00f3 la lista de convocados para la justa.<\/p>\n\n\n\n<p>&#8220;Ustedes son el eslab\u00f3n m\u00e1s fuerte de la cadena. Estoy seguro que pondr\u00e1n el nombre de M\u00e9xico en lo alto como lo han hecho hasta ahora&#8221; dijo Quintero sobre los jugadores que buscar\u00e1n hacer historia en el Mundial llevado a cabo en Filipinas, Jap\u00f3n e Indonesia. A continuaci\u00f3n, la lista de convocados para el torneo de baloncesto de naciones m\u00e1s importante del mundo y la gira previa en Asia para disputar la Kings Cup y la Internacional Basketball Week NBA.<\/p>\n\n\n\n<p>LISTA DE CONVOCADOS PARA EL MUNDIAL FIBA<\/p>\n\n\n\n<p>&#8211; Paul Stoll<\/p>\n\n\n\n<p>&#8211; Jorge Guti\u00e9rrez<\/p>\n\n\n\n<p>&#8211; Mois\u00e9s Andriassi<\/p>\n\n\n\n<p>&#8211; Iv\u00e1n Montano<\/p>\n\n\n\n<p>&#8211; Francisco Cruz<\/p>\n\n\n\n<p>&#8211; Orlando M\u00e9ndez<\/p>\n\n\n\n<p>&#8211; Gabriel Gir\u00f3n Jr.<\/p>\n\n\n\n<p>&#8211; Gael Bonilla<\/p>\n\n\n\n<p>&#8211; Fabi\u00e1n Jaimez<\/p>\n\n\n\n<p>&#8211; H\u00e9ctor Hern\u00e1ndez<\/p>\n\n\n\n<p>&#8211; Jorge Camacho<\/p>\n\n\n\n<p>&#8211; Israel Guti\u00e9rrez<\/p>\n\n\n\n<p>&#8211; Joshua Ibarra<\/p>\n\n\n\n<p>&#8211; Daniel Amigo<\/p>\n\n\n\n<p>&#8220;M\u00e9xico no es un equipo que estar\u00e1 de vacaciones, vamos a ganar. Es el cambio de mentalidad que tenemos. Vamos al Mundial a no respetar a nadie, nos hemos enfrentado a jugadores de los rivales y vamos con todo, de llegar lo m\u00e1s lejos posible. M\u00e9xico puede ser el caballo negro en el Mundial&#8221; asegur\u00f3 Quintero.<\/p>\n\n\n\n<p>El combinado nacional enfrentar\u00e1 a la Selecci\u00f3n Argentina esta noche a las 20:00 horas en la Arena Ciudad de M\u00e9xico, en el partido que servir\u00e1 como despedida antes de ir al Mundial.<\/p>\n","protected":false},"excerpt":{"rendered":"<p>La Selecci\u00f3n Mexicana de Baloncesto est\u00e1 cada vez m\u00e1s cerca de emprender su viaje al continente asi\u00e1tico para disputar la Copa del Mundo de Baloncesto, y antes del partido despedida frente a Argentina, el entrenador de los &#8217;12 Guerreros&#8217;, Omar Quintero, present\u00f3 la lista de convocados para la justa. &#8220;Ustedes son el eslab\u00f3n m\u00e1s fuerte [&hellip;]<\/p>\n","protected":false},"author":81,"featured_media":273383,"comment_status":"closed","ping_status":"closed","sticky":false,"template":"","format":"standard","meta":{"footnotes":""},"categories":[39],"tags":[],"class_list":["post-273382","post","type-post","status-publish","format-standard","has-post-thumbnail","hentry","category-deportiva"],"_links":{"self":[{"href":"https:\/\/plazajuarez.mx\/historico\/wp-json\/wp\/v2\/posts\/273382","targetHints":{"allow":["GET"]}}],"collection":[{"href":"https:\/\/plazajuarez.mx\/historico\/wp-json\/wp\/v2\/posts"}],"about":[{"href":"https:\/\/plazajuarez.mx\/historico\/wp-json\/wp\/v2\/types\/post"}],"author":[{"embeddable":true,"href":"https:\/\/plazajuarez.mx\/historico\/wp-json\/wp\/v2\/users\/81"}],"replies":[{"embeddable":true,"href":"https:\/\/plazajuarez.mx\/historico\/wp-json\/wp\/v2\/comments?post=273382"}],"version-history":[{"count":0,"href":"https:\/\/plazajuarez.mx\/historico\/wp-json\/wp\/v2\/posts\/273382\/revisions"}],"wp:featuredmedia":[{"embeddable":true,"href":"https:\/\/plazajuarez.mx\/historico\/wp-json\/wp\/v2\/media\/273383"}],"wp:attachment":[{"href":"https:\/\/plazajuarez.mx\/historico\/wp-json\/wp\/v2\/media?parent=273382"}],"wp:term":[{"taxonomy":"category","embeddable":true,"href":"https:\/\/plazajuarez.mx\/historico\/wp-json\/wp\/v2\/categories?post=273382"},{"taxonomy":"post_tag","embeddable":true,"href":"https:\/\/plazajuarez.mx\/historico\/wp-json\/wp\/v2\/tags?post=273382"}],"curies":[{"name":"wp","href":"https:\/\/api.w.org\/{rel}","templated":true}]}}