{"id":273378,"date":"2023-07-31T13:16:22","date_gmt":"2023-07-31T19:16:22","guid":{"rendered":"https:\/\/plazajuarez.mx\/?p=273378"},"modified":"2023-07-31T13:16:23","modified_gmt":"2023-07-31T19:16:23","slug":"hombres-armados-incendian-varios-camiones-en-carretera","status":"publish","type":"post","link":"https:\/\/plazajuarez.mx\/historico\/hombres-armados-incendian-varios-camiones-en-carretera\/","title":{"rendered":"Hombres armados incendian varios camiones en carretera"},"content":{"rendered":"\n<p>Varios camiones fueron quemados por hombres armados en la carretera 211, en el tramo Frontera Comalapa-Motozintla, a la altura del municipio de Mazapa de Madero, en la regi\u00f3n Sierra Madre de Chiapas.<\/p>\n\n\n\n<p>Esta ma\u00f1ana, al menos tres camiones de carga, uno de ellos con placas de Chiapas CZ-2735-A, fueron incendiados por los hombres armados que se apostaron a la altura del municipio de Mazapa de Madero, a unos 43 kil\u00f3metros de Frontera Comalapa.<\/p>\n\n\n\n<p>El tr\u00e1fico de veh\u00edculos del transporte p\u00fablico, de carga, de pasaje y particulares est\u00e1 paralizado desde la ma\u00f1ana de este lunes, con direcci\u00f3n hacia Tapachula y Comit\u00e1n, as\u00ed como comunidades del departamento de Huehuetenango, Guatemala.<\/p>\n\n\n\n<p>Entre el viernes y s\u00e1bado, integrantes del Movimiento Agrario Ind\u00edgena Zapatista (MAIZ) estableci\u00f3 varios bloqueos alrededor de la cabecera municipal de Frontera Comalapa, localidad que es centro rector de la Sierra Madre de Chiapas y actualmente en disputa entre el C\u00e1rtel de Sinaloa y Cartel Jalisco Nueva Generaci\u00f3n (CJNG).<\/p>\n\n\n\n<p>Como consecuencia de los bloqueos carreteros, el transporte p\u00fablico, particular y de carga se interrumpi\u00f3.<\/p>\n\n\n\n<p>Reportan presencia de grupos armados<\/p>\n\n\n\n<p>Pero esta ma\u00f1ana, los habitantes de la Sierra Madre de Chiapas se sobresaltaron por la presencia de hombres armados que quemaron tres camiones de carga, cuando circulaban sobre la carretera n\u00famero 211.<\/p>\n\n\n\n<p>Se desconoce el paradero de los conductores de las unidades que fueron siniestradas.<\/p>\n\n\n\n<p>Los hombres armados anunciaron que, a partir de ahora, van contra el C\u00e1rtel Jalisco Nueva Generaci\u00f3n que mantiene el control de la cabecera municipal de Frontera Comalapa.<\/p>\n\n\n\n<p>Habitantes del municipio de Villa Corzo informaron que el domingo varias camionetas con hombres armados, realizaron recorridos en varios puntos.<\/p>\n","protected":false},"excerpt":{"rendered":"<p>Varios camiones fueron quemados por hombres armados en la carretera 211, en el tramo Frontera Comalapa-Motozintla, a la altura del municipio de Mazapa de Madero, en la regi\u00f3n Sierra Madre de Chiapas. Esta ma\u00f1ana, al menos tres camiones de carga, uno de ellos con placas de Chiapas CZ-2735-A, fueron incendiados por los hombres armados que [&hellip;]<\/p>\n","protected":false},"author":81,"featured_media":273380,"comment_status":"closed","ping_status":"closed","sticky":false,"template":"","format":"standard","meta":{"footnotes":""},"categories":[37],"tags":[],"class_list":["post-273378","post","type-post","status-publish","format-standard","has-post-thumbnail","hentry","category-barandilla"],"_links":{"self":[{"href":"https:\/\/plazajuarez.mx\/historico\/wp-json\/wp\/v2\/posts\/273378","targetHints":{"allow":["GET"]}}],"collection":[{"href":"https:\/\/plazajuarez.mx\/historico\/wp-json\/wp\/v2\/posts"}],"about":[{"href":"https:\/\/plazajuarez.mx\/historico\/wp-json\/wp\/v2\/types\/post"}],"author":[{"embeddable":true,"href":"https:\/\/plazajuarez.mx\/historico\/wp-json\/wp\/v2\/users\/81"}],"replies":[{"embeddable":true,"href":"https:\/\/plazajuarez.mx\/historico\/wp-json\/wp\/v2\/comments?post=273378"}],"version-history":[{"count":0,"href":"https:\/\/plazajuarez.mx\/historico\/wp-json\/wp\/v2\/posts\/273378\/revisions"}],"wp:featuredmedia":[{"embeddable":true,"href":"https:\/\/plazajuarez.mx\/historico\/wp-json\/wp\/v2\/media\/273380"}],"wp:attachment":[{"href":"https:\/\/plazajuarez.mx\/historico\/wp-json\/wp\/v2\/media?parent=273378"}],"wp:term":[{"taxonomy":"category","embeddable":true,"href":"https:\/\/plazajuarez.mx\/historico\/wp-json\/wp\/v2\/categories?post=273378"},{"taxonomy":"post_tag","embeddable":true,"href":"https:\/\/plazajuarez.mx\/historico\/wp-json\/wp\/v2\/tags?post=273378"}],"curies":[{"name":"wp","href":"https:\/\/api.w.org\/{rel}","templated":true}]}}