{"id":273374,"date":"2023-07-31T13:15:26","date_gmt":"2023-07-31T19:15:26","guid":{"rendered":"https:\/\/plazajuarez.mx\/?p=273374"},"modified":"2023-07-31T13:15:27","modified_gmt":"2023-07-31T19:15:27","slug":"gmenez_","status":"publish","type":"post","link":"https:\/\/plazajuarez.mx\/historico\/gmenez_\/","title":{"rendered":"Santiago Gim\u00e9nez rompi\u00f3 el silencio sobre su futuro"},"content":{"rendered":"\n<p>Santiago Gim\u00e9nez en muy poco tiempo se convirti\u00f3 en uno de los referentes y m\u00e1s queridos por el Feyenoord.<\/p>\n\n\n\n<p>El delantero mexicano lleg\u00f3 procedente del Cruz Azul y en su primera aventura por Europa arrib\u00f3 a este equipo de la Eredivisie, donde sus goles le han dado la oportunidad de crecer, tanto que a la par se ha puesto como uno de los importantes tambi\u00e9n para la Selecci\u00f3n Mexicana.<\/p>\n\n\n\n<p>En entrevista con ESPN, el apodado &#8216;Bebote&#8217; explic\u00f3 que por ahora sus planes est\u00e1n con el cuadro de Rotterdam, pero entiende que &#8220;no puedo prometer porque nadie sabe lo que pasar\u00e1 en el futbol&#8221;.<\/p>\n\n\n\n<p>&#8220;Estoy enfocado aqu\u00ed (Feyenoord), tengo muchos objetivos y el primero es defender el t\u00edtulo. Este equipo es bueno y tenemos grandes jugadores&#8221;, a\u00f1adi\u00f3 el canterano de La M\u00e1quina.<\/p>\n","protected":false},"excerpt":{"rendered":"<p>Santiago Gim\u00e9nez en muy poco tiempo se convirti\u00f3 en uno de los referentes y m\u00e1s queridos por el Feyenoord. El delantero mexicano lleg\u00f3 procedente del Cruz Azul y en su primera aventura por Europa arrib\u00f3 a este equipo de la Eredivisie, donde sus goles le han dado la oportunidad de crecer, tanto que a la [&hellip;]<\/p>\n","protected":false},"author":81,"featured_media":273375,"comment_status":"closed","ping_status":"closed","sticky":false,"template":"","format":"standard","meta":{"footnotes":""},"categories":[39],"tags":[],"class_list":["post-273374","post","type-post","status-publish","format-standard","has-post-thumbnail","hentry","category-deportiva"],"_links":{"self":[{"href":"https:\/\/plazajuarez.mx\/historico\/wp-json\/wp\/v2\/posts\/273374","targetHints":{"allow":["GET"]}}],"collection":[{"href":"https:\/\/plazajuarez.mx\/historico\/wp-json\/wp\/v2\/posts"}],"about":[{"href":"https:\/\/plazajuarez.mx\/historico\/wp-json\/wp\/v2\/types\/post"}],"author":[{"embeddable":true,"href":"https:\/\/plazajuarez.mx\/historico\/wp-json\/wp\/v2\/users\/81"}],"replies":[{"embeddable":true,"href":"https:\/\/plazajuarez.mx\/historico\/wp-json\/wp\/v2\/comments?post=273374"}],"version-history":[{"count":0,"href":"https:\/\/plazajuarez.mx\/historico\/wp-json\/wp\/v2\/posts\/273374\/revisions"}],"wp:featuredmedia":[{"embeddable":true,"href":"https:\/\/plazajuarez.mx\/historico\/wp-json\/wp\/v2\/media\/273375"}],"wp:attachment":[{"href":"https:\/\/plazajuarez.mx\/historico\/wp-json\/wp\/v2\/media?parent=273374"}],"wp:term":[{"taxonomy":"category","embeddable":true,"href":"https:\/\/plazajuarez.mx\/historico\/wp-json\/wp\/v2\/categories?post=273374"},{"taxonomy":"post_tag","embeddable":true,"href":"https:\/\/plazajuarez.mx\/historico\/wp-json\/wp\/v2\/tags?post=273374"}],"curies":[{"name":"wp","href":"https:\/\/api.w.org\/{rel}","templated":true}]}}