{"id":273354,"date":"2023-07-31T10:15:59","date_gmt":"2023-07-31T16:15:59","guid":{"rendered":"https:\/\/plazajuarez.mx\/?p=273354"},"modified":"2023-07-31T10:16:02","modified_gmt":"2023-07-31T16:16:02","slug":"no-se-tiene-mucha-claridad-dice-amlo-por-asesinato-de-empresario","status":"publish","type":"post","link":"https:\/\/plazajuarez.mx\/historico\/no-se-tiene-mucha-claridad-dice-amlo-por-asesinato-de-empresario\/","title":{"rendered":"&#8220;No se tiene mucha claridad&#8221;, dice AMLO por asesinato de empresario"},"content":{"rendered":"\n<p>El presidente Andr\u00e9s Manuel L\u00f3pez Obrador admiti\u00f3 que &#8220;todav\u00eda no se tiene mucha claridad sobre el caso&#8221; del asesinato a balazos, la noche del s\u00e1bado en la Autopista del Sol, de dos familiares de Rub\u00e9n Fuentes Hern\u00e1ndez, coordinador operativo de la Oficina de la gobernadora de Guerrero, Evelyn Salgado Pineda.<\/p>\n\n\n\n<p>De acuerdo con los reportes de las autoridades, hombres armados despojaron de su camioneta a tres integrantes de una familia, a la altura del municipio de Eduardo Neri, y durante el asalto asesinaron al empresario de Chilpancingo, Jos\u00e9 Guadalupe Fuentes Brito y a su hijo, Jos\u00e9 Manuel Fuentes, adem\u00e1s que hirieron a su esposa, Gabriela &#8220;N&#8221;.<\/p>\n\n\n\n<p>Fuentes Brito era cercano y promotor en Guerrero del precandidato a la presidencia por Morena, Marcelo Ebrard, quien lament\u00f3 el asesinato del empresario y su hijo.<\/p>\n\n\n\n<p>En su conferencia ma\u00f1anera de este lunes en Palacio Nacional, L\u00f3pez Obrador lament\u00f3 los asesinatos y revel\u00f3 otro homicidio relacionado con el conductor de una camioneta de transporte de pasajeros &#8220;con poca diferencia de tiempo&#8221;.<\/p>\n\n\n\n<p>&#8220;Se considera que fue por lo mismo. O sea, se piensa que el se\u00f1or de la camioneta vio algo sobre el crimen del se\u00f1or y de su hijo y por eso tambi\u00e9n lo asesinaron. Se est\u00e1 investigando, cuando tengamos m\u00e1s informaci\u00f3n vamos a informar&#8221;, dijo.<\/p>\n\n\n\n<p>Sobre el accidente a\u00e9reo en el que falleci\u00f3 el empresario Daniel Flores Nava, colaborador de Ad\u00e1n Augusto L\u00f3pez que viajaba de Veracruz a Toluca, L\u00f3pez Obrador indic\u00f3 que no se tiene m\u00e1s informaci\u00f3n, pero se va a investigar.<\/p>\n","protected":false},"excerpt":{"rendered":"<p>El presidente Andr\u00e9s Manuel L\u00f3pez Obrador admiti\u00f3 que &#8220;todav\u00eda no se tiene mucha claridad sobre el caso&#8221; del asesinato a balazos, la noche del s\u00e1bado en la Autopista del Sol, de dos familiares de Rub\u00e9n Fuentes Hern\u00e1ndez, coordinador operativo de la Oficina de la gobernadora de Guerrero, Evelyn Salgado Pineda. De acuerdo con los reportes [&hellip;]<\/p>\n","protected":false},"author":81,"featured_media":232870,"comment_status":"closed","ping_status":"closed","sticky":false,"template":"","format":"standard","meta":{"footnotes":""},"categories":[15,36,2160],"tags":[],"class_list":["post-273354","post","type-post","status-publish","format-standard","has-post-thumbnail","hentry","category-destacadas","category-nacion","category-noticias-de-la-ciudad-de-mexico"],"_links":{"self":[{"href":"https:\/\/plazajuarez.mx\/historico\/wp-json\/wp\/v2\/posts\/273354","targetHints":{"allow":["GET"]}}],"collection":[{"href":"https:\/\/plazajuarez.mx\/historico\/wp-json\/wp\/v2\/posts"}],"about":[{"href":"https:\/\/plazajuarez.mx\/historico\/wp-json\/wp\/v2\/types\/post"}],"author":[{"embeddable":true,"href":"https:\/\/plazajuarez.mx\/historico\/wp-json\/wp\/v2\/users\/81"}],"replies":[{"embeddable":true,"href":"https:\/\/plazajuarez.mx\/historico\/wp-json\/wp\/v2\/comments?post=273354"}],"version-history":[{"count":0,"href":"https:\/\/plazajuarez.mx\/historico\/wp-json\/wp\/v2\/posts\/273354\/revisions"}],"wp:featuredmedia":[{"embeddable":true,"href":"https:\/\/plazajuarez.mx\/historico\/wp-json\/wp\/v2\/media\/232870"}],"wp:attachment":[{"href":"https:\/\/plazajuarez.mx\/historico\/wp-json\/wp\/v2\/media?parent=273354"}],"wp:term":[{"taxonomy":"category","embeddable":true,"href":"https:\/\/plazajuarez.mx\/historico\/wp-json\/wp\/v2\/categories?post=273354"},{"taxonomy":"post_tag","embeddable":true,"href":"https:\/\/plazajuarez.mx\/historico\/wp-json\/wp\/v2\/tags?post=273354"}],"curies":[{"name":"wp","href":"https:\/\/api.w.org\/{rel}","templated":true}]}}