{"id":273347,"date":"2023-07-31T09:45:27","date_gmt":"2023-07-31T15:45:27","guid":{"rendered":"https:\/\/plazajuarez.mx\/?p=273347"},"modified":"2023-07-31T09:45:29","modified_gmt":"2023-07-31T15:45:29","slug":"sistema-electrico-integral-para-tren-maya","status":"publish","type":"post","link":"https:\/\/plazajuarez.mx\/historico\/sistema-electrico-integral-para-tren-maya\/","title":{"rendered":"CFE construye sistema el\u00e9ctrico integral para Tren Maya: Bartlett"},"content":{"rendered":"\n<p>Manuel Bartlett, director general de la Comisi\u00f3n Federal de Electricidad (CFE), destac\u00f3 que la instituci\u00f3n construye un sistema el\u00e9ctrico integral para la energizaci\u00f3n del Tren Maya e instala toda la electricidad necesaria en cada una de las partes del proyecto ferroviario.<\/p>\n\n\n\n<p>En conferencia de prensa matutina del presidente Andr\u00e9s Manuel L\u00f3pez Obrador, el titular de la CFE indic\u00f3 que con esta electrificaci\u00f3n se crea un sistema integral, el cual se interconectar\u00e1 con el Sistema El\u00e9ctrico Nacional.<\/p>\n\n\n\n<p>&#8220;La CFE, bajo la direcci\u00f3n del presidente L\u00f3pez Obrador construye un sistema el\u00e9ctrico integral para la energizaci\u00f3n del Tren Maya y todos sus componentes, e instala toda la electricidad necesaria en cada una de sus partes. Esa electrificaci\u00f3n crea un sistema integral y este conjunto o se va a interconectar con el Sistema El\u00e9ctrico Nacional, conducido por el Cenace (Centro Nacional de Control de Energ\u00eda).<\/p>\n\n\n\n<p>&#8220;Que tengamos conocimiento, nunca se ha construido un sistema de esta envergadura y de esas dimensiones en tan corto tiempo&#8221;, declar\u00f3.<\/p>\n\n\n\n<p>En el sal\u00f3n Tesorer\u00eda de Palacio Nacional, Manuel Bartlett manifest\u00f3 que con este sistema el\u00e9ctrico se integra el sur y el sureste con el desarrollo nacional.<\/p>\n","protected":false},"excerpt":{"rendered":"<p>Manuel Bartlett, director general de la Comisi\u00f3n Federal de Electricidad (CFE), destac\u00f3 que la instituci\u00f3n construye un sistema el\u00e9ctrico integral para la energizaci\u00f3n del Tren Maya e instala toda la electricidad necesaria en cada una de las partes del proyecto ferroviario. En conferencia de prensa matutina del presidente Andr\u00e9s Manuel L\u00f3pez Obrador, el titular de [&hellip;]<\/p>\n","protected":false},"author":81,"featured_media":250410,"comment_status":"closed","ping_status":"closed","sticky":false,"template":"","format":"standard","meta":{"footnotes":""},"categories":[15,36,2160],"tags":[],"class_list":["post-273347","post","type-post","status-publish","format-standard","has-post-thumbnail","hentry","category-destacadas","category-nacion","category-noticias-de-la-ciudad-de-mexico"],"_links":{"self":[{"href":"https:\/\/plazajuarez.mx\/historico\/wp-json\/wp\/v2\/posts\/273347","targetHints":{"allow":["GET"]}}],"collection":[{"href":"https:\/\/plazajuarez.mx\/historico\/wp-json\/wp\/v2\/posts"}],"about":[{"href":"https:\/\/plazajuarez.mx\/historico\/wp-json\/wp\/v2\/types\/post"}],"author":[{"embeddable":true,"href":"https:\/\/plazajuarez.mx\/historico\/wp-json\/wp\/v2\/users\/81"}],"replies":[{"embeddable":true,"href":"https:\/\/plazajuarez.mx\/historico\/wp-json\/wp\/v2\/comments?post=273347"}],"version-history":[{"count":0,"href":"https:\/\/plazajuarez.mx\/historico\/wp-json\/wp\/v2\/posts\/273347\/revisions"}],"wp:featuredmedia":[{"embeddable":true,"href":"https:\/\/plazajuarez.mx\/historico\/wp-json\/wp\/v2\/media\/250410"}],"wp:attachment":[{"href":"https:\/\/plazajuarez.mx\/historico\/wp-json\/wp\/v2\/media?parent=273347"}],"wp:term":[{"taxonomy":"category","embeddable":true,"href":"https:\/\/plazajuarez.mx\/historico\/wp-json\/wp\/v2\/categories?post=273347"},{"taxonomy":"post_tag","embeddable":true,"href":"https:\/\/plazajuarez.mx\/historico\/wp-json\/wp\/v2\/tags?post=273347"}],"curies":[{"name":"wp","href":"https:\/\/api.w.org\/{rel}","templated":true}]}}