{"id":273326,"date":"2023-07-31T08:26:35","date_gmt":"2023-07-31T14:26:35","guid":{"rendered":"https:\/\/plazajuarez.mx\/?p=273326"},"modified":"2023-07-31T08:26:36","modified_gmt":"2023-07-31T14:26:36","slug":"la-verguenza-de-tomarse-una-foto","status":"publish","type":"post","link":"https:\/\/plazajuarez.mx\/historico\/la-verguenza-de-tomarse-una-foto\/","title":{"rendered":"\u00a1La verg\u00fcenza de tomarse una foto!"},"content":{"rendered":"\n<h2 class=\"wp-block-heading\">Pulso del Mezquital\u00a0<\/h2>\n\n\n\n<p>En pol\u00edtica dicen que no hay que moverse para salir en la foto, pero a veces esa misma foto puede convertirse en un s\u00edmbolo de pena<\/p>\n\n\n\n<p>Pocas veces hemos visto un choque donde el encontronazo no solo saque chispas y abolladuras de pintura, sino que el trancazo provoque una serie de eventos desafortunados, todo porque de ambos lados le metieron el pie al acelerador. Algo as\u00ed se antoja en el naciente pleito entre el Congreso Local y el Secretario de Planeaci\u00f3n de Hidalgo, Miguel \u00c1ngel Tello, que anda como conejito Duracell, haciendo de todo, desde cosas que le competen y hasta de las que no.&nbsp;<\/p>\n\n\n\n<p>Y es que el pleito naci\u00f3 por la disputa de lo m\u00e1s corriente que existe en este mundo, el dinero. Donde los diputados se sintieron ofendidos, demostrando que tienen sentimientos, que tambi\u00e9n les duelen las cosas y aunque ustedes no lo crean, lloran, pero no por los problemas del estado, sino por los dichos del Secretario, respecto a que no est\u00e1n para gestionar obra p\u00fablica, menos ejecutarla y peor a\u00fan, andar saludando con sombrero ajeno, por cosas que no les han costado.&nbsp;<\/p>\n\n\n\n<p>La pelea sin l\u00edmite de tiempo en la que se han enfrascado el Secretario y los diputados, estaba concentrada en la petici\u00f3n de unas disculpas p\u00fablicas hacia el poder legislativo, cuando como siempre, nunca falta alguien que se hace afuera de la bacinica, provocando que las cosas en vez de arreglarse educadamente, cada uno recogiera sus canicas e irse con su golpe en el primer round.<\/p>\n\n\n\n<p>Y es que el diputado Edgar Hern\u00e1ndez, sac\u00f3 al h\u00f1ah\u00f1u que tiene dentro y fuera, para repartir acusaciones al aire y llev\u00e1ndose pesado, comparando al Secretario, con el actual presidente municipal de Mineral de la Reforma, Israel F\u00e9lix, olvidando que hasta en las rutas hay combis. Obviamente eso a cualquiera calienta, digo, en esos niveles una mentada, hasta hubiese sido un halago.&nbsp;<\/p>\n\n\n\n<p>Lo que es peor, es que en este mundo ya no puede ir uno ni al ba\u00f1o sin que haya alguien que nos balconee&nbsp; y el diputado revel\u00f3, que tras su postura, recibi\u00f3 una llamada del Secretario de Gobierno, Guillermo Olivares, para recomendarle que antes de andar como chivo en cristaler\u00eda, se estableciera la comunicaci\u00f3n, asimismo dijo, que Miguel \u00c1ngel Tello, adem\u00e1s de hacer proselitismo en Morena, tambi\u00e9n anda reuni\u00e9ndose con delincuentes y obvio, eso a m\u00e1s de uno le eriz\u00f3 la piel.&nbsp;<\/p>\n\n\n\n<p>En pol\u00edtica dicen que no hay que moverse para salir en la foto, pero a veces esa misma foto puede convertirse en un s\u00edmbolo de pena. Y los diputados despreciaron al Secretario durante su visita al Congreso, neg\u00e1ndose a tomarse una foto, tomando distancia como ni\u00f1os chiquitos, provocando lo que es natural, el funcionario los recort\u00f3.&nbsp;<\/p>\n\n\n\n<p>Sin embargo, la respuesta m\u00e1s contundente vino del propio Gobernador de Hidalgo, Julio Menchaca, quien no solo respald\u00f3 a su Secretario de Planeaci\u00f3n, sino que le mand\u00f3 a decir a los diputados, que no se pasen de la raya y no olviden el lugar que les corresponde en este mar llamado vida y que el que manda en el estado es \u00e9l y las decisiones respecto a su gabinete, solo a \u00e9l le ata\u00f1en, no al poder legislativo.&nbsp;<\/p>\n\n\n\n<p>Por tratarse de pol\u00edtica, creemos que no va a ser un hurac\u00e1n con saldos fatales, a los mucho un pleito de pendencieros de cantina, sacando a relucir en este caso los diputados, no el cobre, sino el peltre del que est\u00e1n hechos.&nbsp;<\/p>\n\n\n\n<p>En corto:<\/p>\n\n\n\n<ul class=\"wp-block-list\">\n<li>Este lunes, se llevar\u00e1 a cabo una reuni\u00f3n multidiciplinaria entre el gobierno de Hidalgo, dependencias federales y una comisi\u00f3n de ciudadanos del municipio de Nopala de Villagr\u00e1n, quienes piden frenar el sobrevuelo de avionetas a las que acusan de inhibir la lluvia en toda la regi\u00f3n.&nbsp;<\/li>\n<\/ul>\n\n\n\n<p>S\u00edganme en Twitter y en Instagram:<\/p>\n\n\n\n<p>&nbsp;@Marko Caba\u00f1as&nbsp;<\/p>\n","protected":false},"excerpt":{"rendered":"<p>Pulso del Mezquital\u00a0 En pol\u00edtica dicen que no hay que moverse para salir en la foto, pero a veces esa misma foto puede convertirse en un s\u00edmbolo de pena Pocas veces hemos visto un choque donde el encontronazo no solo saque chispas y abolladuras de pintura, sino que el trancazo provoque una serie de eventos [&hellip;]<\/p>\n","protected":false},"author":75,"featured_media":241758,"comment_status":"closed","ping_status":"closed","sticky":false,"template":"","format":"standard","meta":{"footnotes":""},"categories":[87,42],"tags":[],"class_list":["post-273326","post","type-post","status-publish","format-standard","has-post-thumbnail","hentry","category-marco-cabanas","category-nuestrapalabra"],"_links":{"self":[{"href":"https:\/\/plazajuarez.mx\/historico\/wp-json\/wp\/v2\/posts\/273326","targetHints":{"allow":["GET"]}}],"collection":[{"href":"https:\/\/plazajuarez.mx\/historico\/wp-json\/wp\/v2\/posts"}],"about":[{"href":"https:\/\/plazajuarez.mx\/historico\/wp-json\/wp\/v2\/types\/post"}],"author":[{"embeddable":true,"href":"https:\/\/plazajuarez.mx\/historico\/wp-json\/wp\/v2\/users\/75"}],"replies":[{"embeddable":true,"href":"https:\/\/plazajuarez.mx\/historico\/wp-json\/wp\/v2\/comments?post=273326"}],"version-history":[{"count":0,"href":"https:\/\/plazajuarez.mx\/historico\/wp-json\/wp\/v2\/posts\/273326\/revisions"}],"wp:featuredmedia":[{"embeddable":true,"href":"https:\/\/plazajuarez.mx\/historico\/wp-json\/wp\/v2\/media\/241758"}],"wp:attachment":[{"href":"https:\/\/plazajuarez.mx\/historico\/wp-json\/wp\/v2\/media?parent=273326"}],"wp:term":[{"taxonomy":"category","embeddable":true,"href":"https:\/\/plazajuarez.mx\/historico\/wp-json\/wp\/v2\/categories?post=273326"},{"taxonomy":"post_tag","embeddable":true,"href":"https:\/\/plazajuarez.mx\/historico\/wp-json\/wp\/v2\/tags?post=273326"}],"curies":[{"name":"wp","href":"https:\/\/api.w.org\/{rel}","templated":true}]}}