{"id":273319,"date":"2023-07-31T08:20:48","date_gmt":"2023-07-31T14:20:48","guid":{"rendered":"https:\/\/plazajuarez.mx\/?p=273319"},"modified":"2023-07-31T08:20:51","modified_gmt":"2023-07-31T14:20:51","slug":"la-creacion-de-la-ley-organica-de-la-fgjeh-podria-heredarse","status":"publish","type":"post","link":"https:\/\/plazajuarez.mx\/historico\/la-creacion-de-la-ley-organica-de-la-fgjeh-podria-heredarse\/","title":{"rendered":"La Creaci\u00f3n de la Ley Org\u00e1nica de la FGJEH, podr\u00eda &#8220;heredarse&#8221;"},"content":{"rendered":"\n<p>La creaci\u00f3n de la Ley Org\u00e1nica de la Fiscal\u00eda General de Justicia del Estado de Hidalgo (FGJEH), tendr\u00e1 que esperar hasta el pr\u00f3ximo a\u00f1o y quiz\u00e1 podr\u00eda ser un tema que la 65 Legislatura herede a sus sucesores, ya que de acuerdo con lo expresado por Octavio Maga\u00f1a Soto, diputado local del Partido Verde Ecologista de M\u00e9xico (PVEM) y presidente de la Comisi\u00f3n de Seguridad Ciudadana y Justicia, est\u00e1n dentro de los tiempos establecidos por la ley.&nbsp;<\/p>\n\n\n\n<p>Destac\u00f3 que la transici\u00f3n de Procuradur\u00eda a Fiscal\u00eda se program\u00f3 en un plazo de dos a\u00f1os y destac\u00f3 que actualmente est\u00e1n en el primer a\u00f1o, por lo que contin\u00faa el an\u00e1lisis, sobre todo lo que se debe realizar para tener \u00e9xito en este cambio, ya que no se trata de un cambio de nombre nada m\u00e1s.&nbsp;<\/p>\n\n\n\n<p>Y aunque los trabajos podr\u00edan dar pauta para que dicha ley se presente en la actual Legislatura, por los tiempos establecidos, tambi\u00e9n cabe la posibilidad de que lo dejen para que la 66 Legislatura, que entrar\u00eda en vigor en septiembre de 2024 se ocupe del tema, ya que en palabras del diputado \u201cno se apresurar\u00e1 el trabajo de forma innecesaria\u201d cuando los plazos y el trabajo que se debe hacer conforme a la ley van en tiempo y forma.&nbsp;<\/p>\n","protected":false},"excerpt":{"rendered":"<p>La creaci\u00f3n de la Ley Org\u00e1nica de la Fiscal\u00eda General de Justicia del Estado de Hidalgo (FGJEH), tendr\u00e1 que esperar hasta el pr\u00f3ximo a\u00f1o y quiz\u00e1 podr\u00eda ser un tema que la 65 Legislatura herede a sus sucesores, ya que de acuerdo con lo expresado por Octavio Maga\u00f1a Soto, diputado local del Partido Verde Ecologista [&hellip;]<\/p>\n","protected":false},"author":72,"featured_media":273321,"comment_status":"closed","ping_status":"closed","sticky":false,"template":"","format":"standard","meta":{"footnotes":""},"categories":[15,59],"tags":[],"class_list":["post-273319","post","type-post","status-publish","format-standard","has-post-thumbnail","hentry","category-destacadas","category-general"],"_links":{"self":[{"href":"https:\/\/plazajuarez.mx\/historico\/wp-json\/wp\/v2\/posts\/273319","targetHints":{"allow":["GET"]}}],"collection":[{"href":"https:\/\/plazajuarez.mx\/historico\/wp-json\/wp\/v2\/posts"}],"about":[{"href":"https:\/\/plazajuarez.mx\/historico\/wp-json\/wp\/v2\/types\/post"}],"author":[{"embeddable":true,"href":"https:\/\/plazajuarez.mx\/historico\/wp-json\/wp\/v2\/users\/72"}],"replies":[{"embeddable":true,"href":"https:\/\/plazajuarez.mx\/historico\/wp-json\/wp\/v2\/comments?post=273319"}],"version-history":[{"count":0,"href":"https:\/\/plazajuarez.mx\/historico\/wp-json\/wp\/v2\/posts\/273319\/revisions"}],"wp:featuredmedia":[{"embeddable":true,"href":"https:\/\/plazajuarez.mx\/historico\/wp-json\/wp\/v2\/media\/273321"}],"wp:attachment":[{"href":"https:\/\/plazajuarez.mx\/historico\/wp-json\/wp\/v2\/media?parent=273319"}],"wp:term":[{"taxonomy":"category","embeddable":true,"href":"https:\/\/plazajuarez.mx\/historico\/wp-json\/wp\/v2\/categories?post=273319"},{"taxonomy":"post_tag","embeddable":true,"href":"https:\/\/plazajuarez.mx\/historico\/wp-json\/wp\/v2\/tags?post=273319"}],"curies":[{"name":"wp","href":"https:\/\/api.w.org\/{rel}","templated":true}]}}