{"id":273294,"date":"2023-07-31T07:50:20","date_gmt":"2023-07-31T13:50:20","guid":{"rendered":"https:\/\/plazajuarez.mx\/?p=273294"},"modified":"2023-07-31T07:50:22","modified_gmt":"2023-07-31T13:50:22","slug":"crisis-de-los-derechos-humanos-en-mexico","status":"publish","type":"post","link":"https:\/\/plazajuarez.mx\/historico\/crisis-de-los-derechos-humanos-en-mexico\/","title":{"rendered":"Crisis de los Derechos Humanos en M\u00e9xico"},"content":{"rendered":"\n<h2 class=\"wp-block-heading\">IGUALDAD SUSTANTIVA, EMPODERAMIENTO EFECTIVO<\/h2>\n\n\n\n<ul class=\"wp-block-list\">\n<li>Menos del 16 por ciento de las investigaciones son resueltas en la justicia por mediaci\u00f3n o con alguna forma de resarcimiento <\/li>\n<\/ul>\n\n\n\n<p>El Informe Mundial de derechos humanos desde el an\u00e1lisis de un nuevo modelo liderazgo mundial, seg\u00fan la Directora Ejecutiva Tirana Hassan, considera que las crisis de los derechos humanos no surgen de un momento a otro, sino que son los gobiernos que no cumplen con sus obligaciones legales de protecci\u00f3n en su territorio, quienes siembran las semillas del descontento, la inestabilidad, y en \u00faltima instancia: las crisis. <\/p>\n\n\n\n<p>De entre m\u00e1s sigan creciendo estas acciones aberrantes de los gobiernos abusivos, se consolida la idea de que la corrupci\u00f3n, censura, impunidad y violencia son los instrumentos m\u00e1s eficaces para el logro de sus objetivos, llevando a un alto costo los efectos en cadena de violencia a los derechos humanos. <\/p>\n\n\n\n<p>El estado de los derechos humanos en casi cien pa\u00edses del mundo es distinto dados sus propios m\u00e9ritos al ejercer su liderazgo adoptando planes de acci\u00f3n para garantizarlos. <\/p>\n\n\n\n<p>En M\u00e9xico los resultados en cuanto a la violencia e impunidad, sistema de justicia penal, tortura, abusos militares, desapariciones, ataques contra periodistas y defensores de los derechos humanos, derechos de las mujeres y las ni\u00f1as, orientaci\u00f3n sexual e identidad de g\u00e9nero, derechos de las personas con discapacidad por citar algunos, son desalentadores. <\/p>\n\n\n\n<p>Los niveles de delitos de violencia e impunidad alcanzaron 28 homicidios cada 100 personas, cerca del 90 por ciento nunca se denuncian, una tercera parte de los delitos denunciados nunca se investigan, y menos del 16 por ciento de las investigaciones son resueltas en la justicia por mediaci\u00f3n o con alguna forma de resarcimiento, lo que implica que las autoridades resolvieron poco m\u00e1s del uno por ciento de todos los delitos cometidos en el 2021, seg\u00fan el organismo oficial estad\u00edstico. <\/p>\n\n\n\n<p>Al menos 105,000 personas se encuentran registradas como desaparecidas cuyo n\u00famero real podr\u00eda ser mayor, m\u00e1s de 36,000 personas desaparecieron desde que L\u00f3pez Obrador asumi\u00f3 la presidencia, y cuando las familias denuncian, las fiscal\u00edas y la polic\u00eda rara vez realizan las investigaciones correspondientes, solamente se publicaron 36 sentencias por la desaparici\u00f3n forzada. Los derechos de las mujeres y las ni\u00f1as se ven limitados y afectados, pues hasta 2022, varios estados legalizaron el aborto, hasta noviembre eran 11 por cualquier motivo hasta con 12 semanas de gestaci\u00f3n, todos permitieron los casos de violaci\u00f3n sexual, no obstante, se siguen presentando numerosos obst\u00e1culos al intentar acceder al aborto. <\/p>\n\n\n\n<p>En el 2021, el gobierno federal inform\u00f3 3 mil 700 asesinatos de mujeres, de los cuales la cuarta parte se consideraba como feminicidios, asesinatos perpetrados por el hecho de ser mujer, sin dejar de soslayar la falta de denuncias para dar un n\u00famero ver\u00eddico al respecto. M\u00e9xico ratific\u00f3 oficialmente el Convenio sobre la Violencia y el Acoso (C190) de la Organizaci\u00f3n Internacional del trabajo obligando a M\u00e9xico a brindar amplias protecciones para asegurar la participaci\u00f3n laboral libre de violencia y acoso que incluye la violencia de g\u00e9nero y el acoso sexual. <\/p>\n\n\n\n<p>El escenario antes expuesto, da cuenta de la gran violaci\u00f3n a los derechos humanos que se ejerce en nuestro pa\u00eds, por lo que considerar el surgimiento de nuevas coaliciones y voces del liderazgo que pueden configurar y potenciar esta tendencia plasmada en el informe, ser\u00eda muy acertado.<\/p>\n","protected":false},"excerpt":{"rendered":"<p>IGUALDAD SUSTANTIVA, EMPODERAMIENTO EFECTIVO El Informe Mundial de derechos humanos desde el an\u00e1lisis de un nuevo modelo liderazgo mundial, seg\u00fan la Directora Ejecutiva Tirana Hassan, considera que las crisis de los derechos humanos no surgen de un momento a otro, sino que son los gobiernos que no cumplen con sus obligaciones legales de protecci\u00f3n en [&hellip;]<\/p>\n","protected":false},"author":104,"featured_media":236179,"comment_status":"closed","ping_status":"closed","sticky":false,"template":"","format":"standard","meta":{"footnotes":""},"categories":[42,2157],"tags":[],"class_list":["post-273294","post","type-post","status-publish","format-standard","has-post-thumbnail","hentry","category-nuestrapalabra","category-patricia-gonzalez-lopez"],"_links":{"self":[{"href":"https:\/\/plazajuarez.mx\/historico\/wp-json\/wp\/v2\/posts\/273294","targetHints":{"allow":["GET"]}}],"collection":[{"href":"https:\/\/plazajuarez.mx\/historico\/wp-json\/wp\/v2\/posts"}],"about":[{"href":"https:\/\/plazajuarez.mx\/historico\/wp-json\/wp\/v2\/types\/post"}],"author":[{"embeddable":true,"href":"https:\/\/plazajuarez.mx\/historico\/wp-json\/wp\/v2\/users\/104"}],"replies":[{"embeddable":true,"href":"https:\/\/plazajuarez.mx\/historico\/wp-json\/wp\/v2\/comments?post=273294"}],"version-history":[{"count":0,"href":"https:\/\/plazajuarez.mx\/historico\/wp-json\/wp\/v2\/posts\/273294\/revisions"}],"wp:featuredmedia":[{"embeddable":true,"href":"https:\/\/plazajuarez.mx\/historico\/wp-json\/wp\/v2\/media\/236179"}],"wp:attachment":[{"href":"https:\/\/plazajuarez.mx\/historico\/wp-json\/wp\/v2\/media?parent=273294"}],"wp:term":[{"taxonomy":"category","embeddable":true,"href":"https:\/\/plazajuarez.mx\/historico\/wp-json\/wp\/v2\/categories?post=273294"},{"taxonomy":"post_tag","embeddable":true,"href":"https:\/\/plazajuarez.mx\/historico\/wp-json\/wp\/v2\/tags?post=273294"}],"curies":[{"name":"wp","href":"https:\/\/api.w.org\/{rel}","templated":true}]}}