{"id":273275,"date":"2023-07-31T05:50:00","date_gmt":"2023-07-31T11:50:00","guid":{"rendered":"https:\/\/plazajuarez.mx\/?p=273275"},"modified":"2023-07-30T21:51:43","modified_gmt":"2023-07-31T03:51:43","slug":"familiares-de-las-victimas-del-caso-narvarte-piden-justicia","status":"publish","type":"post","link":"https:\/\/plazajuarez.mx\/historico\/familiares-de-las-victimas-del-caso-narvarte-piden-justicia\/","title":{"rendered":"Familiares de las v\u00edctimas del caso Narvarte piden justicia\u00a0"},"content":{"rendered":"\n<p>El caso Narvarte, como se conoce al crimen en M\u00e9xico en el que fueron asesinadas cinco personas -Mile, Alejandra, Yesenia, Nadia y Rub\u00e9n-, cumpli\u00f3 ayer ocho a\u00f1os con l\u00edneas de investigaci\u00f3n pendientes, reclamaron activistas y familiares en un evento frente al departamento donde sucedi\u00f3 el crimen.<\/p>\n\n\n\n<p>&#8220;El caso contin\u00faa estancado, gracias al documental (&#8216;A plena luz: El caso Narvarte&#8217;), a los investigadores independientes y a las familias, que seguimos aportando evidencias. No est\u00e1 de m\u00e1s decir que seguimos d\u00e1ndonos cuenta de que no est\u00e1n revisando el expediente&#8221;, dijo en entrevista con EFE, Indira Alfaro, madre de Yesenia Quiroz.<\/p>\n\n\n\n<p>Aunque el crimen ocurri\u00f3 el 31 de julio de 2015, las familias e investigadores independientes descubrieron nuevas inconsistencias de la actual Administraci\u00f3n en la investigaci\u00f3n sobre la muerte del periodista Rub\u00e9n Espinosa, la activista Nadia Vera, la trabajadora del hogar Alejandra Negrete, la modelo colombiana Mile Mart\u00edn y la maquilladora Yesenia Quiroz.<\/p>\n","protected":false},"excerpt":{"rendered":"<p>El caso Narvarte, como se conoce al crimen en M\u00e9xico en el que fueron asesinadas cinco personas -Mile, Alejandra, Yesenia, Nadia y Rub\u00e9n-, cumpli\u00f3 ayer ocho a\u00f1os con l\u00edneas de investigaci\u00f3n pendientes, reclamaron activistas y familiares en un evento frente al departamento donde sucedi\u00f3 el crimen. &#8220;El caso contin\u00faa estancado, gracias al documental (&#8216;A plena [&hellip;]<\/p>\n","protected":false},"author":80,"featured_media":273276,"comment_status":"closed","ping_status":"closed","sticky":false,"template":"","format":"standard","meta":{"footnotes":""},"categories":[36],"tags":[],"class_list":["post-273275","post","type-post","status-publish","format-standard","has-post-thumbnail","hentry","category-nacion"],"_links":{"self":[{"href":"https:\/\/plazajuarez.mx\/historico\/wp-json\/wp\/v2\/posts\/273275","targetHints":{"allow":["GET"]}}],"collection":[{"href":"https:\/\/plazajuarez.mx\/historico\/wp-json\/wp\/v2\/posts"}],"about":[{"href":"https:\/\/plazajuarez.mx\/historico\/wp-json\/wp\/v2\/types\/post"}],"author":[{"embeddable":true,"href":"https:\/\/plazajuarez.mx\/historico\/wp-json\/wp\/v2\/users\/80"}],"replies":[{"embeddable":true,"href":"https:\/\/plazajuarez.mx\/historico\/wp-json\/wp\/v2\/comments?post=273275"}],"version-history":[{"count":0,"href":"https:\/\/plazajuarez.mx\/historico\/wp-json\/wp\/v2\/posts\/273275\/revisions"}],"wp:featuredmedia":[{"embeddable":true,"href":"https:\/\/plazajuarez.mx\/historico\/wp-json\/wp\/v2\/media\/273276"}],"wp:attachment":[{"href":"https:\/\/plazajuarez.mx\/historico\/wp-json\/wp\/v2\/media?parent=273275"}],"wp:term":[{"taxonomy":"category","embeddable":true,"href":"https:\/\/plazajuarez.mx\/historico\/wp-json\/wp\/v2\/categories?post=273275"},{"taxonomy":"post_tag","embeddable":true,"href":"https:\/\/plazajuarez.mx\/historico\/wp-json\/wp\/v2\/tags?post=273275"}],"curies":[{"name":"wp","href":"https:\/\/api.w.org\/{rel}","templated":true}]}}