{"id":273265,"date":"2023-07-31T06:42:00","date_gmt":"2023-07-31T12:42:00","guid":{"rendered":"https:\/\/plazajuarez.mx\/?p=273265"},"modified":"2023-07-30T21:44:43","modified_gmt":"2023-07-31T03:44:43","slug":"amlo-no-tiene-intencion-de-recuperar-la-paz","status":"publish","type":"post","link":"https:\/\/plazajuarez.mx\/historico\/amlo-no-tiene-intencion-de-recuperar-la-paz\/","title":{"rendered":"&#8220;AMLO no tiene intenci\u00f3n de recuperar la paz&#8221;"},"content":{"rendered":"\n<p><\/p>\n\n\n\n<p> As\u00ed lo asegur\u00f3 X\u00f3chitl G\u00e1lvez en su visita a Tijuana<\/p>\n\n\n\n<p><\/p>\n\n\n\n<p>La aspirante a la candidatura presidencial por el Frente Amplio por M\u00e9xico, X\u00f3chitl G\u00e1lvez, critic\u00f3 la pol\u00edtica de abrazos y no balazos del presidente, Andr\u00e9s Manuel L\u00f3pez Obrador, y dijo que es dicha estrategia la que tiene a Tijuana sumida en la violencia.<\/p>\n\n\n\n<p>En conferencia de prensa desde Baja California, dijo adem\u00e1s que por la manera de actuar del ejecutivo federal, &#8220;pareciera que ya pact\u00f3 con los criminales&#8221;.<\/p>\n\n\n\n<p>&#8220;No podemos seguir dejando al pa\u00eds en manos de alguien que no tiene intenci\u00f3n de recuperar la paz y la tranquilidad, y que pareciera que ya pact\u00f3 con los criminales que se apropian del territorio y que extorsionan&#8221;, declar\u00f3.<\/p>\n\n\n\n<p>La senadora panista, record\u00f3 que hace unos d\u00edas se dio a conocer que Tijuana es una de las ciudades m\u00e1s violentas del mundo por la cantidad de homicidios por cada 100 mil habitantes.<\/p>\n\n\n\n<p>&#8220;Eso habla de la necesidad de poder trabajar de manera conjunta para poder resolver los grandes problemas del pa\u00eds. De llegar a donde quiero llegar, decirles que a m\u00ed no me van a ver encerrada en un cuartel militar, yo voy a estar en la calle enfrentando al crimen organizado&#8221;, asever\u00f3.<\/p>\n\n\n\n<p>Pie de foto: La aspirante a la candidatura<\/p>\n","protected":false},"excerpt":{"rendered":"<p>As\u00ed lo asegur\u00f3 X\u00f3chitl G\u00e1lvez en su visita a Tijuana La aspirante a la candidatura presidencial por el Frente Amplio por M\u00e9xico, X\u00f3chitl G\u00e1lvez, critic\u00f3 la pol\u00edtica de abrazos y no balazos del presidente, Andr\u00e9s Manuel L\u00f3pez Obrador, y dijo que es dicha estrategia la que tiene a Tijuana sumida en la violencia. En conferencia [&hellip;]<\/p>\n","protected":false},"author":81,"featured_media":273266,"comment_status":"closed","ping_status":"closed","sticky":false,"template":"","format":"standard","meta":{"footnotes":""},"categories":[36],"tags":[],"class_list":["post-273265","post","type-post","status-publish","format-standard","has-post-thumbnail","hentry","category-nacion"],"_links":{"self":[{"href":"https:\/\/plazajuarez.mx\/historico\/wp-json\/wp\/v2\/posts\/273265","targetHints":{"allow":["GET"]}}],"collection":[{"href":"https:\/\/plazajuarez.mx\/historico\/wp-json\/wp\/v2\/posts"}],"about":[{"href":"https:\/\/plazajuarez.mx\/historico\/wp-json\/wp\/v2\/types\/post"}],"author":[{"embeddable":true,"href":"https:\/\/plazajuarez.mx\/historico\/wp-json\/wp\/v2\/users\/81"}],"replies":[{"embeddable":true,"href":"https:\/\/plazajuarez.mx\/historico\/wp-json\/wp\/v2\/comments?post=273265"}],"version-history":[{"count":0,"href":"https:\/\/plazajuarez.mx\/historico\/wp-json\/wp\/v2\/posts\/273265\/revisions"}],"wp:featuredmedia":[{"embeddable":true,"href":"https:\/\/plazajuarez.mx\/historico\/wp-json\/wp\/v2\/media\/273266"}],"wp:attachment":[{"href":"https:\/\/plazajuarez.mx\/historico\/wp-json\/wp\/v2\/media?parent=273265"}],"wp:term":[{"taxonomy":"category","embeddable":true,"href":"https:\/\/plazajuarez.mx\/historico\/wp-json\/wp\/v2\/categories?post=273265"},{"taxonomy":"post_tag","embeddable":true,"href":"https:\/\/plazajuarez.mx\/historico\/wp-json\/wp\/v2\/tags?post=273265"}],"curies":[{"name":"wp","href":"https:\/\/api.w.org\/{rel}","templated":true}]}}