{"id":273239,"date":"2023-07-31T06:33:00","date_gmt":"2023-07-31T12:33:00","guid":{"rendered":"https:\/\/plazajuarez.mx\/?p=273239"},"modified":"2023-07-30T19:40:34","modified_gmt":"2023-07-31T01:40:34","slug":"texas-refuerza-barricada-de-alambre-para-evitar-el-paso-de-migrantes","status":"publish","type":"post","link":"https:\/\/plazajuarez.mx\/historico\/texas-refuerza-barricada-de-alambre-para-evitar-el-paso-de-migrantes\/","title":{"rendered":"Texas refuerza barricada de alambre para evitar el paso de migrantes\u00a0"},"content":{"rendered":"\n<p>En un claro desaf\u00edo al Gobierno federal estadounidense, que interpuso el pasado lunes una demanda contra el gobernador de Texas, Gregg Abbot<\/p>\n\n\n\n<p>Elementos de la Guardia Nacional de Estados Unidos reforzaron el pasado fin de semana las barricadas de alambre de navaja y de malla en la frontera Ju\u00e1rez &#8211; El Paso a pesar de una demanda del Gobierno federal estadounidense para retirar esta barrera que migrantes tildaron de &#8220;inhumana&#8221; y ambientalistas dijeron que es un riesgo para el ecosistema.<\/p>\n\n\n\n<p>\u201cEs horrible ver esas p\u00faas, es algo psicol\u00f3gico que te quedas traumado\u201d dijo a EFE la ecuatoriana \u00c9rika Mac\u00edas con su beb\u00e9 de seis meses en brazos, minutos despu\u00e9s de acercarse hasta las barricadas y regresar llena de miedo a que su hijo sufriera lesiones con las navajas de la alambrada.<\/p>\n\n\n\n<p>\u201cDe verdad esa alambrada yo la veo como algo inhumano, uno viene luchando desde varios pa\u00edses y uno pasa muchos traumas\u201d, dijo el venezolano Eduardo D\u00edaz mientras ve\u00eda c\u00f3mo un grupo de unos 15 migrantes s\u00ed logr\u00f3 cruzar la alambrada a pesar del riesgo que implica.<\/p>\n\n\n\n<p>En un claro desaf\u00edo al Gobierno federal estadounidense, que interpuso el lunes una demanda contra el gobernador de Texas, Gregg Abbot, por la colocaci\u00f3n de una barrera de boyas y otra infraestructura en el cauce del r\u00edo Bravo.<\/p>\n\n\n\n<p>Una docena de militares de la Guardia Nacional estadounidense reforzaron durante la semana pasada la peligrosa barricada de alambre de navajas justo bajo el puente Internacional Reforma, aument\u00e1ndola de dos a tres niveles quedando de m\u00e1s de 2 metros de altura.<\/p>\n\n\n\n<p>El lunes el Departamento de Justicia de Estados Unidos pidi\u00f3 una orden judicial para impedir que Texas construya barreras adicionales en el r\u00edo y tambi\u00e9n solicit\u00f3 a un tribunal que ordene al estado que derribe las ya existentes por su cuenta.<\/p>\n\n\n\n<p>Aunque la demanda fue puesta a ra\u00edz de las boyas, se han colocado estructuras met\u00e1licas de malla y alambradas con peligrosas navajas para impedir que los migrantes entren a territorio estadounidense y pidan asilo.<\/p>\n","protected":false},"excerpt":{"rendered":"<p>En un claro desaf\u00edo al Gobierno federal estadounidense, que interpuso el pasado lunes una demanda contra el gobernador de Texas, Gregg Abbot Elementos de la Guardia Nacional de Estados Unidos reforzaron el pasado fin de semana las barricadas de alambre de navaja y de malla en la frontera Ju\u00e1rez &#8211; El Paso a pesar de [&hellip;]<\/p>\n","protected":false},"author":80,"featured_media":273240,"comment_status":"closed","ping_status":"closed","sticky":false,"template":"","format":"standard","meta":{"footnotes":""},"categories":[31],"tags":[],"class_list":["post-273239","post","type-post","status-publish","format-standard","has-post-thumbnail","hentry","category-orbe"],"_links":{"self":[{"href":"https:\/\/plazajuarez.mx\/historico\/wp-json\/wp\/v2\/posts\/273239","targetHints":{"allow":["GET"]}}],"collection":[{"href":"https:\/\/plazajuarez.mx\/historico\/wp-json\/wp\/v2\/posts"}],"about":[{"href":"https:\/\/plazajuarez.mx\/historico\/wp-json\/wp\/v2\/types\/post"}],"author":[{"embeddable":true,"href":"https:\/\/plazajuarez.mx\/historico\/wp-json\/wp\/v2\/users\/80"}],"replies":[{"embeddable":true,"href":"https:\/\/plazajuarez.mx\/historico\/wp-json\/wp\/v2\/comments?post=273239"}],"version-history":[{"count":0,"href":"https:\/\/plazajuarez.mx\/historico\/wp-json\/wp\/v2\/posts\/273239\/revisions"}],"wp:featuredmedia":[{"embeddable":true,"href":"https:\/\/plazajuarez.mx\/historico\/wp-json\/wp\/v2\/media\/273240"}],"wp:attachment":[{"href":"https:\/\/plazajuarez.mx\/historico\/wp-json\/wp\/v2\/media?parent=273239"}],"wp:term":[{"taxonomy":"category","embeddable":true,"href":"https:\/\/plazajuarez.mx\/historico\/wp-json\/wp\/v2\/categories?post=273239"},{"taxonomy":"post_tag","embeddable":true,"href":"https:\/\/plazajuarez.mx\/historico\/wp-json\/wp\/v2\/tags?post=273239"}],"curies":[{"name":"wp","href":"https:\/\/api.w.org\/{rel}","templated":true}]}}