{"id":273236,"date":"2023-07-31T06:31:00","date_gmt":"2023-07-31T12:31:00","guid":{"rendered":"https:\/\/plazajuarez.mx\/?p=273236"},"modified":"2023-07-30T19:32:50","modified_gmt":"2023-07-31T01:32:50","slug":"desaparece-una-mujer-y-su-hija-en-san-agustin-metzquititlan-ya-las-buscan","status":"publish","type":"post","link":"https:\/\/plazajuarez.mx\/historico\/desaparece-una-mujer-y-su-hija-en-san-agustin-metzquititlan-ya-las-buscan\/","title":{"rendered":"Desaparece una mujer y su hija en San Agust\u00edn Metzquititl\u00e1n, ya las buscan"},"content":{"rendered":"\n<p><strong>En San Agust\u00edn Metzquititl\u00e1n, se denunci\u00f3 la desaparici\u00f3n de una mujer de 21 a\u00f1os de edad, quien iba acompa\u00f1ada de su hija de 5 a\u00f1os<\/strong><\/p>\n\n\n\n<p>Durante las \u00faltimas horas, a la Procuradur\u00eda General de Justicia del estado de Hidalgo, se presentaron los familiares de una mujer de 21 a\u00f1os de edad, para denunciar su desaparici\u00f3n en compa\u00f1\u00eda de su menor hija, por lo que pidieron apoyo para realizar la b\u00fasqueda correspondiente que permita dar con el paradero de ambas personas.<\/p>\n\n\n\n<p>Por ello la dependencia encargada de procurar justicia solicita la colaboraci\u00f3n para realizar la difusi\u00f3n de la Ficha de B\u00fasqueda que se activ\u00f3 en favor de quien responde al nombre de Mar\u00eda Guadalupe Cruz L\u00f3pez de 21 a\u00f1os de edad.<\/p>\n\n\n\n<p>Durante la denuncia que se present\u00f3 se dej\u00f3 en claro que Mar\u00eda Guadalupe fue vista por \u00faltima vez al salir de su domicilio ubicado en el municipio de San Agust\u00edn Metzquititl\u00e1n, desde el pasado 26 de julio de 2023.<\/p>\n\n\n\n<p>As\u00ed mismo se inform\u00f3 que la joven mujer sali\u00f3 en compa\u00f1\u00eda de su hija identificada con las iniciales B.C.C., de 5 a\u00f1os de edad y desde entonces se desconoce su paradero.<\/p>\n\n\n\n<p>Los afligidos parientes de las afectadas tambi\u00e9n solicitaron la inmediata intervenci\u00f3n del personal de la Comisi\u00f3n de B\u00fasqueda de Personas del Estado de Hidalgo, pues temen que puedan ser v\u00edctimas de alg\u00fan delito.<\/p>\n\n\n\n<p>En otro caso de desaparici\u00f3n de persona ocurrido en el municipio de Huejutla de Reyes, se pide la colaboraci\u00f3n para tratar de localizar a Nemorio Espinosa Bautista.<\/p>\n\n\n\n<p>Por esta desaparici\u00f3n se dio paso a la activaci\u00f3n de la Ficha de B\u00fasqueda con el fin de localizar al infortunado de 37 a\u00f1os de edad, a quien se le vio por \u00faltima vez en la cabecera municipal de Huejutla, el pasado 15 de julio y como se desconoce su paradero, se le considera como una persona desaparecida.<\/p>\n","protected":false},"excerpt":{"rendered":"<p>En San Agust\u00edn Metzquititl\u00e1n, se denunci\u00f3 la desaparici\u00f3n de una mujer de 21 a\u00f1os de edad, quien iba acompa\u00f1ada de su hija de 5 a\u00f1os Durante las \u00faltimas horas, a la Procuradur\u00eda General de Justicia del estado de Hidalgo, se presentaron los familiares de una mujer de 21 a\u00f1os de edad, para denunciar su desaparici\u00f3n [&hellip;]<\/p>\n","protected":false},"author":93,"featured_media":273237,"comment_status":"closed","ping_status":"closed","sticky":false,"template":"","format":"standard","meta":{"footnotes":""},"categories":[37],"tags":[],"class_list":["post-273236","post","type-post","status-publish","format-standard","has-post-thumbnail","hentry","category-barandilla"],"_links":{"self":[{"href":"https:\/\/plazajuarez.mx\/historico\/wp-json\/wp\/v2\/posts\/273236","targetHints":{"allow":["GET"]}}],"collection":[{"href":"https:\/\/plazajuarez.mx\/historico\/wp-json\/wp\/v2\/posts"}],"about":[{"href":"https:\/\/plazajuarez.mx\/historico\/wp-json\/wp\/v2\/types\/post"}],"author":[{"embeddable":true,"href":"https:\/\/plazajuarez.mx\/historico\/wp-json\/wp\/v2\/users\/93"}],"replies":[{"embeddable":true,"href":"https:\/\/plazajuarez.mx\/historico\/wp-json\/wp\/v2\/comments?post=273236"}],"version-history":[{"count":0,"href":"https:\/\/plazajuarez.mx\/historico\/wp-json\/wp\/v2\/posts\/273236\/revisions"}],"wp:featuredmedia":[{"embeddable":true,"href":"https:\/\/plazajuarez.mx\/historico\/wp-json\/wp\/v2\/media\/273237"}],"wp:attachment":[{"href":"https:\/\/plazajuarez.mx\/historico\/wp-json\/wp\/v2\/media?parent=273236"}],"wp:term":[{"taxonomy":"category","embeddable":true,"href":"https:\/\/plazajuarez.mx\/historico\/wp-json\/wp\/v2\/categories?post=273236"},{"taxonomy":"post_tag","embeddable":true,"href":"https:\/\/plazajuarez.mx\/historico\/wp-json\/wp\/v2\/tags?post=273236"}],"curies":[{"name":"wp","href":"https:\/\/api.w.org\/{rel}","templated":true}]}}