{"id":27288,"date":"2016-08-24T20:25:26","date_gmt":"2016-08-24T20:25:26","guid":{"rendered":"http:\/\/plazajuarez.mx\/index\/index.php\/2016\/08\/24\/arrancan-las-actividades-en-la-sala-de-las-artes-maria-teresa-rodriguez\/"},"modified":"2016-08-24T20:25:26","modified_gmt":"2016-08-24T20:25:26","slug":"arrancan-las-actividades-en-la-sala-de-las-artes-maria-teresa-rodriguez","status":"publish","type":"post","link":"https:\/\/plazajuarez.mx\/historico\/arrancan-las-actividades-en-la-sala-de-las-artes-maria-teresa-rodriguez\/","title":{"rendered":"Arrancan las actividades en la Sala de las Artes &#8220;Mar\u00eda Teresa Rodr\u00edguez&#8221;"},"content":{"rendered":"<p style=\"text-align: justify;\"><span lang=\"ES-TRAD\">El Ayuntamiento de Pachuca, a trav\u00e9s del Instituto Municipal para la Cultura, llevar\u00e1 a cabo el primer fin de semana de actividades en la Sala de las Artes \u201cMar\u00eda Teresa Rodr\u00edguez\u201d, ubicada en el Parque del Maestro, en la avenida Ju\u00e1rez de esta ciudad.<\/span><\/p>\n<p>  <!--more-->  <\/p>\n<p style=\"text-align: justify;\"><span lang=\"ES-TRAD\">Horacio Hern\u00e1ndez Guerrero, titular del Instituto, inform\u00f3 que todos los eventos son gratuitos, comenzando el d\u00eda viernes 26 de agosto, en punto de las 18:00 horas, con el concierto Mexican\u00edsimo 2016, mediante la participaci\u00f3n del mezzosoprano Santamar\u00eda Vergara, el tenor Emiliano Santamar\u00eda y la soprano Natali Ivanova.<\/span><\/p>\n<p style=\"text-align: justify;\"><span lang=\"ES-TRAD\">Adem\u00e1s, en la misma jornada se contar\u00e1 con la presentaci\u00f3n del espect\u00e1culo cultural y art\u00edstico del Ballet Folcl\u00f3rico de Pachuca, bajo de direcci\u00f3n del profesor Enio Serrano, y el mariachi Estrellas de Am\u00e9rica.<\/span><\/p>\n<p style=\"text-align: justify;\"><span lang=\"ES-TRAD\">Para el s\u00e1bado 27 de agosto, a las 17:00 horas, la agrupaci\u00f3n <\/span>Stimmen Ensamble ejecutar\u00e1 m\u00fasica de c\u00e1mara mediante un concepto innovador, utilizando instrumentos comunes de la m\u00fasica cl\u00e1sica e incorporando temas representativos del g\u00e9nero rock y pop.<\/p>\n<p style=\"text-align: justify;\">Stimmen Ensamble es un conjunto musical creado en la ciudad de Pachuca en 2011, conformado por j\u00f3venes hidalguenses quienes en su trayectoria han formado parte de diversas orquestas de nuestro estado, as\u00ed como de la Orquesta Sinf\u00f3nica Juvenil Carlos Ch\u00e1vez; adem\u00e1s de ser seleccionados para participar en diferentes encuentros de orquestas nacionales e internacionales.<br \/>\u00a0<br \/><span style=\"font-size: 12.16px; line-height: 1.3em;\">Ser\u00e1 el domingo 28 de agosto, en punto de las 12:00 horas, que el Ballet Folcl\u00f3rico de Pachuca, <\/span><span lang=\"ES-TRAD\" style=\"font-size: 12.16px; line-height: 1.3em;\">bajo de direcci\u00f3n del profesor Enio Serrano, lleve a cabo una nueva presentaci\u00f3n para el deleite de las familias que acudan a disfrutar del nuevo inmueble creado por el Ayuntamiento de Pachuca, como parte del impulso a las actividades art\u00edsticas y culturales en la ciudad.<\/span><\/p>\n","protected":false},"excerpt":{"rendered":"<p>El Ayuntamiento de Pachuca, a trav\u00e9s del Instituto Municipal para la Cultura, llevar\u00e1 a cabo el primer fin de semana de actividades en la Sala de las Artes \u201cMar\u00eda Teresa Rodr\u00edguez\u201d, ubicada en el Parque del Maestro, en la avenida Ju\u00e1rez de esta ciudad.<\/p>\n","protected":false},"author":6,"featured_media":0,"comment_status":"open","ping_status":"open","sticky":false,"template":"","format":"standard","meta":{"footnotes":""},"categories":[59],"tags":[],"class_list":["post-27288","post","type-post","status-publish","format-standard","hentry","category-general"],"_links":{"self":[{"href":"https:\/\/plazajuarez.mx\/historico\/wp-json\/wp\/v2\/posts\/27288","targetHints":{"allow":["GET"]}}],"collection":[{"href":"https:\/\/plazajuarez.mx\/historico\/wp-json\/wp\/v2\/posts"}],"about":[{"href":"https:\/\/plazajuarez.mx\/historico\/wp-json\/wp\/v2\/types\/post"}],"author":[{"embeddable":true,"href":"https:\/\/plazajuarez.mx\/historico\/wp-json\/wp\/v2\/users\/6"}],"replies":[{"embeddable":true,"href":"https:\/\/plazajuarez.mx\/historico\/wp-json\/wp\/v2\/comments?post=27288"}],"version-history":[{"count":0,"href":"https:\/\/plazajuarez.mx\/historico\/wp-json\/wp\/v2\/posts\/27288\/revisions"}],"wp:attachment":[{"href":"https:\/\/plazajuarez.mx\/historico\/wp-json\/wp\/v2\/media?parent=27288"}],"wp:term":[{"taxonomy":"category","embeddable":true,"href":"https:\/\/plazajuarez.mx\/historico\/wp-json\/wp\/v2\/categories?post=27288"},{"taxonomy":"post_tag","embeddable":true,"href":"https:\/\/plazajuarez.mx\/historico\/wp-json\/wp\/v2\/tags?post=27288"}],"curies":[{"name":"wp","href":"https:\/\/api.w.org\/{rel}","templated":true}]}}