{"id":27285,"date":"2016-08-24T20:11:40","date_gmt":"2016-08-24T20:11:40","guid":{"rendered":"http:\/\/plazajuarez.mx\/index\/index.php\/2016\/08\/24\/andres-garcia-sufre-paralisis-en-mayoria-de-su-cuerpo\/"},"modified":"2016-08-24T20:11:40","modified_gmt":"2016-08-24T20:11:40","slug":"andres-garcia-sufre-paralisis-en-mayoria-de-su-cuerpo","status":"publish","type":"post","link":"https:\/\/plazajuarez.mx\/historico\/andres-garcia-sufre-paralisis-en-mayoria-de-su-cuerpo\/","title":{"rendered":"Andr\u00e9s Garc\u00eda sufre par\u00e1lisis en mayor\u00eda de su cuerpo"},"content":{"rendered":"<p dir=\"ltr\" style=\"line-height: 1.2; margin-top: 0pt; margin-bottom: 0pt; text-align: justify;\">El actor padece fuertes dolores; le practicar\u00e1n una resonancia magn\u00e9tica para liberar un diagn\u00f3stico<\/p>\n<p>  <!--more-->  <\/p>\n<p dir=\"ltr\">El actor Andr\u00e9s Garc\u00eda, uno de los reconocidos galanes del cine, el teatro y la televisi\u00f3n en M\u00e9xico, inform\u00f3 que sufre par\u00e1lisis en el 95 por ciento de su cuerpo, luego de realizar una carrera a campo traviesa a bordo de un veh\u00edculo peque\u00f1o.<\/p>\n<p dir=\"ltr\">\u00a0\u00a0\u00a0 &#8220;Me puse a conducir un auto de carreras a campo traviesa, pero me lastim\u00e9 la columna vertebral y ando muy mal, pr\u00e1cticamente paral\u00edtico, pues tengo paralizado el cuerpo en un 95 por ciento&#8221;, revel\u00f3 en entrevista.<\/p>\n<p dir=\"ltr\">En mayo de 2014, Garc\u00eda se someti\u00f3 a una intervenci\u00f3n quir\u00fargica para corregirle diversas anomal\u00edas que le produc\u00edan fuertes dolores desde hac\u00eda 45 a\u00f1os, y cree que tras la carrera, la operaci\u00f3n se le estrope\u00f3.<\/p>\n<p dir=\"ltr\">&#8220;Tengo muchos dolores durante el d\u00eda y la noche, y ni con la andadera llego al ba\u00f1o. Estoy pasando por una \u00e9poca muy dif\u00edcil porque las pastillas que me dan, aunque son un derivado de la morfina, no son suficientes&#8221;.<\/p>\n<p dir=\"ltr\">&#8220;Hay una especie de rutas dif\u00edciles en las que te metes a gran velocidad. Al principio yo iba de copiloto agarr\u00e1ndome hasta con los dientes, ya de regreso, lo conduje y nunca me ca\u00ed. Es decir, la experiencia no lleg\u00f3 a accidente porque de regreso a M\u00e9xico manej\u00e9 mi camioneta y traje el carro arrastrando&#8221;.<\/p>\n<p dir=\"ltr\">M\u00e9dicos especialistas ya le tomaron radiograf\u00edas, pero no hallan fracturas o alg\u00fan tipo de lesi\u00f3n que impida el movimiento de su cuerpo, salvo los m\u00fasculos que los tiene totalmente contracturados.<\/p>\n<p dir=\"ltr\">&#8220;Ahorita estoy tratando de reunir un poco de fuerzas para levantarme e ir a la Ciudad de M\u00e9xico a fin de que me practiquen una resonancia magn\u00e9tica y descartar otro tipo de anomal\u00edas. Sin embargo, llevo 12 d\u00edas sin poder bajar de mi habitaci\u00f3n&#8221;, explic\u00f3.<\/p><\/p>\n","protected":false},"excerpt":{"rendered":"<p>El actor padece fuertes dolores; le practicar\u00e1n una resonancia magn\u00e9tica para liberar un diagn\u00f3stico<\/p>\n","protected":false},"author":3,"featured_media":0,"comment_status":"open","ping_status":"open","sticky":false,"template":"","format":"standard","meta":{"footnotes":""},"categories":[38],"tags":[],"class_list":["post-27285","post","type-post","status-publish","format-standard","hentry","category-show"],"_links":{"self":[{"href":"https:\/\/plazajuarez.mx\/historico\/wp-json\/wp\/v2\/posts\/27285","targetHints":{"allow":["GET"]}}],"collection":[{"href":"https:\/\/plazajuarez.mx\/historico\/wp-json\/wp\/v2\/posts"}],"about":[{"href":"https:\/\/plazajuarez.mx\/historico\/wp-json\/wp\/v2\/types\/post"}],"author":[{"embeddable":true,"href":"https:\/\/plazajuarez.mx\/historico\/wp-json\/wp\/v2\/users\/3"}],"replies":[{"embeddable":true,"href":"https:\/\/plazajuarez.mx\/historico\/wp-json\/wp\/v2\/comments?post=27285"}],"version-history":[{"count":0,"href":"https:\/\/plazajuarez.mx\/historico\/wp-json\/wp\/v2\/posts\/27285\/revisions"}],"wp:attachment":[{"href":"https:\/\/plazajuarez.mx\/historico\/wp-json\/wp\/v2\/media?parent=27285"}],"wp:term":[{"taxonomy":"category","embeddable":true,"href":"https:\/\/plazajuarez.mx\/historico\/wp-json\/wp\/v2\/categories?post=27285"},{"taxonomy":"post_tag","embeddable":true,"href":"https:\/\/plazajuarez.mx\/historico\/wp-json\/wp\/v2\/tags?post=27285"}],"curies":[{"name":"wp","href":"https:\/\/api.w.org\/{rel}","templated":true}]}}