{"id":27282,"date":"2016-08-24T20:02:36","date_gmt":"2016-08-24T20:02:36","guid":{"rendered":"http:\/\/plazajuarez.mx\/index\/index.php\/2016\/08\/24\/la-reforma-seguira-nuno\/"},"modified":"2016-08-24T20:02:36","modified_gmt":"2016-08-24T20:02:36","slug":"la-reforma-seguira-nuno","status":"publish","type":"post","link":"https:\/\/plazajuarez.mx\/historico\/la-reforma-seguira-nuno\/","title":{"rendered":"\u201cLa reforma seguir\u00e1\u201d: Nu\u00f1o"},"content":{"rendered":"<p dir=\"ltr\" style=\"text-align: justify;\">\u201cCon toda claridad decimos, no hay posibilidad de regresar a ninguna mesa de di\u00e1logo, hasta que no est\u00e9n todas las ni\u00f1as y todos los ni\u00f1os en donde deben de estar, en un sal\u00f3n de clases\u201d, asever\u00f3 el secretario de Educaci\u00f3n, Aurelio Nu\u00f1o, quien agreg\u00f3 que el futuro de M\u00e9xico no es negociable y la reforma educativa va a continuar y se debe profundizar.<\/p>\n<p>  <!--more-->  <\/p>\n<p dir=\"ltr\" style=\"text-align: justify;\">Tras lamentar que ni\u00f1os de algunos estados del pa\u00eds, como Oaxaca y Chiapas, no tuvieron oportunidad de regresar ayer a sus escuelas, agreg\u00f3 que el futuro de M\u00e9xico y los sue\u00f1os de las ni\u00f1as, ni\u00f1os y j\u00f3venes del pa\u00eds no pueden estar sujetos a negociaciones y a los caprichos o intereses de unos cuantos.<\/p>\n<p dir=\"ltr\" style=\"text-align: justify;\">Ante el secretario de la Defensa Nacional, General Salvador Cienfuegos Zepeda, y el gobernador del estado de M\u00e9xico, Eruviel \u00c1vila, el titular de la SEP, reiter\u00f3 que no puede haber ninguna condici\u00f3n de regresar al di\u00e1logo con la CNTE mientras los ni\u00f1os no est\u00e9n en las escuelas.<\/p>\n<p dir=\"ltr\" style=\"text-align: justify;\">A su vez, el secretario de la Defensa Nacional asever\u00f3 que todos los esfuerzos destinados a mejorar la educaci\u00f3n, siempre ser\u00e1n ben\u00e9ficos y que por tratarse de una reforma constitucional, \u201ctodos tenemos el deber, el compromiso, de apoyar la iniciativa a favor de la educaci\u00f3n\u201d.<\/p>\n<p dir=\"ltr\" style=\"text-align: justify;\">Cienfuegos subray\u00f3 que la \u00fanica manera de transformar al pa\u00eds de una manera r\u00e1pida y contundente es la educaci\u00f3n, porque \u201csin educaci\u00f3n regresaremos a lo mismo\u201d.<\/p>\n<p dir=\"ltr\" style=\"text-align: justify;\">El pa\u00eds tiene que mejorar y tiene que ser a trav\u00e9s de su sistema educativo nacional, sentenci\u00f3 el militar.<\/p>\n<p dir=\"ltr\" style=\"text-align: justify;\">El gobernador del estado de M\u00e9xico mencion\u00f3 tambi\u00e9n el paro de la disidencia magisterial y anunci\u00f3 por otra parte, la creaci\u00f3n de una beca para ni\u00f1os y ni\u00f1as de tercero de secundaria de escasos recursos con la que recibir\u00e1n 300 pesos mensuales para no abandonar sus estudios.<\/p>\n<h2 dir=\"ltr\" style=\"text-align: justify;\">NU\u00d1O ACUDIR\u00c1 A PLENARIA DEL PAN<\/h2>\n<p dir=\"ltr\" style=\"text-align: justify;\">Los diputados del PAN sostendr\u00e1n un encuentro con el secretario de Educaci\u00f3n P\u00fablica, Aurelio Nu\u00f1o, como parte de las actividades que desarrollan en el segundo d\u00eda de actividades de su tercera reuni\u00f3n plenaria.<\/p>\n<p dir=\"ltr\" style=\"text-align: justify;\">Asimismo, dialogar\u00e1n con el presidente de la organizaci\u00f3n Mexicanos Primero, Claudio X Gonz\u00e1lez, con la intenci\u00f3n de abonar a su agenda en materia educativa. Tambi\u00e9n acudir\u00e1 el responsable de operar el programa de Zonas Econ\u00f3micas Especiales del gobierno federal, Gerardo Guti\u00e9rrez Candiani.<\/p>\n","protected":false},"excerpt":{"rendered":"<p>\u201cCon toda claridad decimos, no hay posibilidad de regresar a ninguna mesa de di\u00e1logo, hasta que no est\u00e9n todas las ni\u00f1as y todos los ni\u00f1os en donde deben de estar, en un sal\u00f3n de clases\u201d, asever\u00f3 el secretario de Educaci\u00f3n, Aurelio Nu\u00f1o, quien agreg\u00f3 que el futuro de M\u00e9xico no es negociable y la reforma [&hellip;]<\/p>\n","protected":false},"author":3,"featured_media":0,"comment_status":"open","ping_status":"open","sticky":false,"template":"","format":"standard","meta":{"footnotes":""},"categories":[36],"tags":[],"class_list":["post-27282","post","type-post","status-publish","format-standard","hentry","category-nacion"],"_links":{"self":[{"href":"https:\/\/plazajuarez.mx\/historico\/wp-json\/wp\/v2\/posts\/27282","targetHints":{"allow":["GET"]}}],"collection":[{"href":"https:\/\/plazajuarez.mx\/historico\/wp-json\/wp\/v2\/posts"}],"about":[{"href":"https:\/\/plazajuarez.mx\/historico\/wp-json\/wp\/v2\/types\/post"}],"author":[{"embeddable":true,"href":"https:\/\/plazajuarez.mx\/historico\/wp-json\/wp\/v2\/users\/3"}],"replies":[{"embeddable":true,"href":"https:\/\/plazajuarez.mx\/historico\/wp-json\/wp\/v2\/comments?post=27282"}],"version-history":[{"count":0,"href":"https:\/\/plazajuarez.mx\/historico\/wp-json\/wp\/v2\/posts\/27282\/revisions"}],"wp:attachment":[{"href":"https:\/\/plazajuarez.mx\/historico\/wp-json\/wp\/v2\/media?parent=27282"}],"wp:term":[{"taxonomy":"category","embeddable":true,"href":"https:\/\/plazajuarez.mx\/historico\/wp-json\/wp\/v2\/categories?post=27282"},{"taxonomy":"post_tag","embeddable":true,"href":"https:\/\/plazajuarez.mx\/historico\/wp-json\/wp\/v2\/tags?post=27282"}],"curies":[{"name":"wp","href":"https:\/\/api.w.org\/{rel}","templated":true}]}}