{"id":27280,"date":"2016-08-24T19:57:17","date_gmt":"2016-08-24T19:57:17","guid":{"rendered":"http:\/\/plazajuarez.mx\/index\/index.php\/2016\/08\/24\/mexicanos-primero-exige-suspender-recursos-a-la-cnte\/"},"modified":"2016-08-24T19:57:17","modified_gmt":"2016-08-24T19:57:17","slug":"mexicanos-primero-exige-suspender-recursos-a-la-cnte","status":"publish","type":"post","link":"https:\/\/plazajuarez.mx\/historico\/mexicanos-primero-exige-suspender-recursos-a-la-cnte\/","title":{"rendered":"Mexicanos Primero exige  suspender recursos a la CNTE"},"content":{"rendered":"<p dir=\"ltr\" style=\"text-align: justify;\">Miembros de la asociaci\u00f3n Mexicanos Primero exigieron ayer al gobierno que corte los recursos econ\u00f3micos a la CNTE, para resolver el conflicto magisterial. &#8220;Es vaciando las arcas de la Coordinadora y debilit\u00e1ndola como se puede salir de este callej\u00f3n&#8221;, sostuvo en una conferencia de prensa Claudio X. Gonz\u00e1lez, presidente de la asociaci\u00f3n.<\/p>\n<p>  <!--more-->  <\/p>\n<p dir=\"ltr\" style=\"text-align: justify;\">Su demanda es que no se le pague a nadie que no cumpla con su trabajo y que se despida a los maestros que falten a clases por tres d\u00edas. &#8220;Pagarle a quien no da clases es ilegal e injusto con los contribuyentes y con los maestros que s\u00ed cumplen con su deber&#8221;, declar\u00f3.<\/p>\n<p dir=\"ltr\" style=\"text-align: justify;\">Los miembros de Mexicanos primero presentaron un dec\u00e1logo para construir lo que llamaron &#8220;la escuela que queremos&#8221;.<\/p>\n<p dir=\"ltr\" style=\"text-align: justify;\">Gonz\u00e1lez estuvo acompa\u00f1ado de Juan Pablo Casta\u00f1\u00f3n, presidente del Consejo Coordinador Empresarial, y David Calder\u00f3n, director de la asociaci\u00f3n, entre otros miembros del organismo. Celebraron la postura del gobierno federal de no negociar con la CNTE hasta que los maestros regresen a las aulas.<\/p>\n<h2 dir=\"ltr\" style=\"text-align: justify;\">\u201c\u00a1MAESTROS QUEREMOS CLASES, NO SEAN FLOJOS!\u201d<\/h2>\n<p dir=\"ltr\" style=\"text-align: justify;\">Oaxaca, Oax.- Al menos un centenar de ni\u00f1os y padres de familia protest\u00f3 ayer por la ma\u00f1ana en una escuela primaria de la Villa de Zaachila, para exigir a mentores de la CNTE que inicien el ciclo escolar. &#8220;\u00a1Maestros queremos clases! \u00a1Maestros no sean flojos!&#8221;, gritaron los estudiantes frente al plantel &#8220;Enrique Reyes&#8221;, ubicado en el barrio Lexio de ese municipio, distante unos 15 kil\u00f3metros al sur de la capital.<\/p>\n<p dir=\"ltr\" style=\"text-align: justify;\">Los alumnos y tutores colocaron y portaron tambi\u00e9n carteles con letreros como &#8220;Maestro regresa a la escuela, yo quiero aprender&#8221;; &#8220;Hasta cu\u00e1ndo profesor, exigimos clases de inmediato&#8221;; &#8220;Si por mi educaci\u00f3n es que luchas, demu\u00e9stramelo y regresa a clases&#8221;.<\/p>\n<p dir=\"ltr\" style=\"text-align: justify;\">Durante m\u00e1s de una hora permanecieron los ni\u00f1os uniformados frente a la escuela, sin que alguna autoridad o profesor los atendiera, tras lo cual se retiraron.<\/p>\n","protected":false},"excerpt":{"rendered":"<p>Miembros de la asociaci\u00f3n Mexicanos Primero exigieron ayer al gobierno que corte los recursos econ\u00f3micos a la CNTE, para resolver el conflicto magisterial. &#8220;Es vaciando las arcas de la Coordinadora y debilit\u00e1ndola como se puede salir de este callej\u00f3n&#8221;, sostuvo en una conferencia de prensa Claudio X. Gonz\u00e1lez, presidente de la asociaci\u00f3n.<\/p>\n","protected":false},"author":3,"featured_media":0,"comment_status":"open","ping_status":"open","sticky":false,"template":"","format":"standard","meta":{"footnotes":""},"categories":[36],"tags":[],"class_list":["post-27280","post","type-post","status-publish","format-standard","hentry","category-nacion"],"_links":{"self":[{"href":"https:\/\/plazajuarez.mx\/historico\/wp-json\/wp\/v2\/posts\/27280","targetHints":{"allow":["GET"]}}],"collection":[{"href":"https:\/\/plazajuarez.mx\/historico\/wp-json\/wp\/v2\/posts"}],"about":[{"href":"https:\/\/plazajuarez.mx\/historico\/wp-json\/wp\/v2\/types\/post"}],"author":[{"embeddable":true,"href":"https:\/\/plazajuarez.mx\/historico\/wp-json\/wp\/v2\/users\/3"}],"replies":[{"embeddable":true,"href":"https:\/\/plazajuarez.mx\/historico\/wp-json\/wp\/v2\/comments?post=27280"}],"version-history":[{"count":0,"href":"https:\/\/plazajuarez.mx\/historico\/wp-json\/wp\/v2\/posts\/27280\/revisions"}],"wp:attachment":[{"href":"https:\/\/plazajuarez.mx\/historico\/wp-json\/wp\/v2\/media?parent=27280"}],"wp:term":[{"taxonomy":"category","embeddable":true,"href":"https:\/\/plazajuarez.mx\/historico\/wp-json\/wp\/v2\/categories?post=27280"},{"taxonomy":"post_tag","embeddable":true,"href":"https:\/\/plazajuarez.mx\/historico\/wp-json\/wp\/v2\/tags?post=27280"}],"curies":[{"name":"wp","href":"https:\/\/api.w.org\/{rel}","templated":true}]}}