{"id":27279,"date":"2016-08-24T19:52:44","date_gmt":"2016-08-24T19:52:44","guid":{"rendered":"http:\/\/plazajuarez.mx\/index\/index.php\/2016\/08\/24\/mancera-y-cardenas-respaldan-plan-de-prd\/"},"modified":"2016-08-24T19:52:44","modified_gmt":"2016-08-24T19:52:44","slug":"mancera-y-cardenas-respaldan-plan-de-prd","status":"publish","type":"post","link":"https:\/\/plazajuarez.mx\/historico\/mancera-y-cardenas-respaldan-plan-de-prd\/","title":{"rendered":"Mancera y C\u00e1rdenas respaldan plan de PRD"},"content":{"rendered":"<p dir=\"ltr\" style=\"text-align: justify;\">El Jefe de Gobierno de la Ciudad de M\u00e9xico, Miguel \u00c1ngel Mancera, y el ingeniero Cuauht\u00e9moc C\u00e1rdenas, consideraron que el proyecto de contrarreforma educativa que propone el Partido de la Revoluci\u00f3n Democr\u00e1tica (PRD) contribuir\u00e1 a solucionar el conflicto.<\/p>\n<p>  <!--more-->  <\/p>\n<p dir=\"ltr\" style=\"text-align: justify;\">\u201cSabemos que se est\u00e1 trabajando en una propuesta para hacer adecuaciones que vuelvan viable la reforma educativa, somos de los que hemos reiterado en varias ocasiones que entre el di\u00e1logo y la propuesta constructiva se puede encontrar una salida de todo conflicto y \u00e9ste no tendr\u00eda por qu\u00e9 ser la excepci\u00f3n, recalc\u00f3 Mancera luego de participar en la inauguraci\u00f3n de la reuni\u00f3n plenaria de los senadores del PRD.<\/p>\n<p dir=\"ltr\" style=\"text-align: justify;\">A su vez, el ingeniero Cuauht\u00e9moc C\u00e1rdenas dijo que es una muy buena noticia el hecho de que las fracciones del PRD en el Congreso est\u00e9n trabajando en una iniciativa para buscar la soluci\u00f3n al problema que se vive en el pa\u00eds, por la inconformidad del magisterio con la reforma educativa.<\/p>\n<p dir=\"ltr\" style=\"text-align: justify;\">Por su parte, la vicecoordinadora de la fracci\u00f3n perredista, Dolores Padierna, critic\u00f3 que el gobierno de Enrique Pe\u00f1a Nieto haya cerrado el di\u00e1logo con la Coordinadora Nacional de Trabajadores de la Educaci\u00f3n (CNTE).<\/p>\n<p dir=\"ltr\" style=\"text-align: justify;\">El conflicto magisterial no habr\u00eda tomado las dimensiones actuales si desde el principio, como debi\u00f3 ser, se hubiera tomado en cuenta a los maestros como actores centrales indispensables para realizar los cambios en materia educativa.<\/p>\n<p dir=\"ltr\" style=\"text-align: justify;\">Por su parte, el Jefe de Gobierno pidi\u00f3 a los senadores perredistas que se regule con mayor fuerza la aportaci\u00f3n de armas en la capital del pa\u00eds. \u201cNo queremos tener una ciudad armada, no queremos que los conflictos se resuelvan en la v\u00eda p\u00fablica a trav\u00e9s de las armas de fuego\u201d.<\/p>\n<p dir=\"ltr\" style=\"text-align: justify;\">Mancera agradeci\u00f3 la actuaci\u00f3n de los senadores perredistas, su contribuci\u00f3n para la aprobaci\u00f3n de la reforma pol\u00edtica de la Ciudad de M\u00e9xico y les pidi\u00f3 que se incorporen tambi\u00e9n de lleno a su implementaci\u00f3n, sobre todo a la discusi\u00f3n de lo que ser\u00e1 la primera constituci\u00f3n para los capitalinos.<\/p>\n<p dir=\"ltr\" style=\"text-align: justify;\">Explic\u00f3 que se est\u00e1 construyendo con el cuidado necesario el anteproyecto del gobierno de la ciudad para esta constituci\u00f3n, tarea en la que reconoci\u00f3 a Cuauht\u00e9moc C\u00e1rdenas, Ifigenia Navarrete, al senador Alejandro Encinas, quienes han estado en todos los trabajos, as\u00ed como Porfirio Mu\u00f1oz Ledo, quien ha trabajado a favor de la Ciudad de M\u00e9xico.<\/p>\n","protected":false},"excerpt":{"rendered":"<p>El Jefe de Gobierno de la Ciudad de M\u00e9xico, Miguel \u00c1ngel Mancera, y el ingeniero Cuauht\u00e9moc C\u00e1rdenas, consideraron que el proyecto de contrarreforma educativa que propone el Partido de la Revoluci\u00f3n Democr\u00e1tica (PRD) contribuir\u00e1 a solucionar el conflicto.<\/p>\n","protected":false},"author":3,"featured_media":0,"comment_status":"open","ping_status":"open","sticky":false,"template":"","format":"standard","meta":{"footnotes":""},"categories":[36],"tags":[],"class_list":["post-27279","post","type-post","status-publish","format-standard","hentry","category-nacion"],"_links":{"self":[{"href":"https:\/\/plazajuarez.mx\/historico\/wp-json\/wp\/v2\/posts\/27279","targetHints":{"allow":["GET"]}}],"collection":[{"href":"https:\/\/plazajuarez.mx\/historico\/wp-json\/wp\/v2\/posts"}],"about":[{"href":"https:\/\/plazajuarez.mx\/historico\/wp-json\/wp\/v2\/types\/post"}],"author":[{"embeddable":true,"href":"https:\/\/plazajuarez.mx\/historico\/wp-json\/wp\/v2\/users\/3"}],"replies":[{"embeddable":true,"href":"https:\/\/plazajuarez.mx\/historico\/wp-json\/wp\/v2\/comments?post=27279"}],"version-history":[{"count":0,"href":"https:\/\/plazajuarez.mx\/historico\/wp-json\/wp\/v2\/posts\/27279\/revisions"}],"wp:attachment":[{"href":"https:\/\/plazajuarez.mx\/historico\/wp-json\/wp\/v2\/media?parent=27279"}],"wp:term":[{"taxonomy":"category","embeddable":true,"href":"https:\/\/plazajuarez.mx\/historico\/wp-json\/wp\/v2\/categories?post=27279"},{"taxonomy":"post_tag","embeddable":true,"href":"https:\/\/plazajuarez.mx\/historico\/wp-json\/wp\/v2\/tags?post=27279"}],"curies":[{"name":"wp","href":"https:\/\/api.w.org\/{rel}","templated":true}]}}