{"id":27277,"date":"2016-08-24T19:44:11","date_gmt":"2016-08-24T19:44:11","guid":{"rendered":"http:\/\/plazajuarez.mx\/index\/index.php\/2016\/08\/24\/alemanes-almacenaran-alimentos-para-diez-dias\/"},"modified":"2016-08-24T19:44:11","modified_gmt":"2016-08-24T19:44:11","slug":"alemanes-almacenaran-alimentos-para-diez-dias","status":"publish","type":"post","link":"https:\/\/plazajuarez.mx\/historico\/alemanes-almacenaran-alimentos-para-diez-dias\/","title":{"rendered":"Alemanes almacenar\u00e1n alimentos para diez d\u00edas"},"content":{"rendered":"<p dir=\"ltr\" style=\"text-align: justify;\">Las nuevas formas de terrorismo exigen nuevas estrategias de defensa y el Gobierno alem\u00e1n aprobar\u00e1 esta semana una nueva normativa de protecci\u00f3n civil que incluye la petici\u00f3n a los ciudadanos de que almacenen en casa alimentos para poder abastecerse sin recursos exteriores durante diez d\u00edas.<\/p>\n<p>  <!--more-->  <\/p>\n<p dir=\"ltr\" style=\"text-align: justify;\">Adem\u00e1s de alimentaci\u00f3n, los alemanes deben procurarse energ\u00eda y dinero en efectivo, as\u00ed como dos litros de agua por persona y d\u00eda. Es la primera vez desde la II guerra Mundial que el Ejecutivo recurre a una medida de este tipo y el adelanto de su contenido en medios de comunicaci\u00f3n est\u00e1 causando cierta inquietud en la poblaci\u00f3n.<\/p>\n<p dir=\"ltr\" style=\"text-align: justify;\">Fuentes del Gobierno aclaran que no se trata de una improvisaci\u00f3n ni de una respuesta en caliente a los \u00faltimos ataques terroristas, ya que el concepto comenz\u00f3 a desarrollarse en 2012 en una comisi\u00f3n presupuestaria del Bundestag.<\/p>\n<p dir=\"ltr\" style=\"text-align: justify;\">El ministro de Interior, Thomas de Maizi\u00e9re, defender\u00e1 ante el gabinete de gobierno del mi\u00e9rcoles esta propuesta pensada para escenarios como el de un ataque terrorista o un posible envenenamiento del agua corriente. \u00abNo se puede descartar que las p\u00e9rdidas militares de Daes en Siria e Irak aumenten el peligro de atentados en el extranjero\u00bb, ha dicho este pasado fin de semana, advirtiendo que Daesh quiere \u00abcompensar su creciente debilidad\u00bb.<\/p>\n<p dir=\"ltr\" style=\"text-align: justify;\">La propuesta de 69 p\u00e1ginas tiene como objetivo que las personas \u00abse preparen de forma apropiada para un desarrollo que pueda amenazar nuestra existencia y no pueda ser descartado categ\u00f3ricamente en el futuro\u00bb y menciona adem\u00e1s la necesidad de un sistema de alarma confiable, una mejor protecci\u00f3n estructural de los edificios y m\u00e1s capacidad en el sistema de salud, agreg\u00f3 el peri\u00f3dico.<\/p>\n","protected":false},"excerpt":{"rendered":"<p>Las nuevas formas de terrorismo exigen nuevas estrategias de defensa y el Gobierno alem\u00e1n aprobar\u00e1 esta semana una nueva normativa de protecci\u00f3n civil que incluye la petici\u00f3n a los ciudadanos de que almacenen en casa alimentos para poder abastecerse sin recursos exteriores durante diez d\u00edas.<\/p>\n","protected":false},"author":3,"featured_media":0,"comment_status":"open","ping_status":"open","sticky":false,"template":"","format":"standard","meta":{"footnotes":""},"categories":[31],"tags":[],"class_list":["post-27277","post","type-post","status-publish","format-standard","hentry","category-orbe"],"_links":{"self":[{"href":"https:\/\/plazajuarez.mx\/historico\/wp-json\/wp\/v2\/posts\/27277","targetHints":{"allow":["GET"]}}],"collection":[{"href":"https:\/\/plazajuarez.mx\/historico\/wp-json\/wp\/v2\/posts"}],"about":[{"href":"https:\/\/plazajuarez.mx\/historico\/wp-json\/wp\/v2\/types\/post"}],"author":[{"embeddable":true,"href":"https:\/\/plazajuarez.mx\/historico\/wp-json\/wp\/v2\/users\/3"}],"replies":[{"embeddable":true,"href":"https:\/\/plazajuarez.mx\/historico\/wp-json\/wp\/v2\/comments?post=27277"}],"version-history":[{"count":0,"href":"https:\/\/plazajuarez.mx\/historico\/wp-json\/wp\/v2\/posts\/27277\/revisions"}],"wp:attachment":[{"href":"https:\/\/plazajuarez.mx\/historico\/wp-json\/wp\/v2\/media?parent=27277"}],"wp:term":[{"taxonomy":"category","embeddable":true,"href":"https:\/\/plazajuarez.mx\/historico\/wp-json\/wp\/v2\/categories?post=27277"},{"taxonomy":"post_tag","embeddable":true,"href":"https:\/\/plazajuarez.mx\/historico\/wp-json\/wp\/v2\/tags?post=27277"}],"curies":[{"name":"wp","href":"https:\/\/api.w.org\/{rel}","templated":true}]}}