{"id":27276,"date":"2016-08-24T19:38:34","date_gmt":"2016-08-24T19:38:34","guid":{"rendered":"http:\/\/plazajuarez.mx\/index\/index.php\/2016\/08\/24\/educacion-en-america-latina-mas-cobertura-pero-de-mala-calidad\/"},"modified":"2016-08-24T19:38:34","modified_gmt":"2016-08-24T19:38:34","slug":"educacion-en-america-latina-mas-cobertura-pero-de-mala-calidad","status":"publish","type":"post","link":"https:\/\/plazajuarez.mx\/historico\/educacion-en-america-latina-mas-cobertura-pero-de-mala-calidad\/","title":{"rendered":"Educaci\u00f3n en Am\u00e9rica Latina: m\u00e1s cobertura, pero de mala calidad"},"content":{"rendered":"<p dir=\"ltr\" style=\"text-align: justify;\">Los pa\u00edses de Am\u00e9rica Latina han hecho \u201cimportantes progresos en expandir la cobertura de sus sistemas educativos\u201d con recursos econ\u00f3micos cada vez m\u00e1s importantes, pero han fallado en la calidad y \u201clos d\u00e9ficits de aprendizaje siguen siendo alarmantes\u201d.<\/p>\n<p>  <!--more-->  <\/p>\n<p dir=\"ltr\" style=\"text-align: justify;\">Esta ha sido la conclusi\u00f3n de un informe elaborado por la Comisi\u00f3n para la Educaci\u00f3n de Calidad para Todos, convocada por Di\u00e1logo Interamericano y liderada por los expresidentes de Chile, Ricardo Lagos (2000-2006), y de M\u00e9xico, Ernesto Zedillo (1994-2000). \u201cLa regi\u00f3n est\u00e1 llegando a un cambio de paradigma\u201d, donde lo que mide el desarrollo ya no es el ingreso per c\u00e1pita de los ciudadanos, sino la distribuci\u00f3n de los ingresos, advirti\u00f3 Lagos durante la presentaci\u00f3n del texto en Buenos Aires.<\/p>\n<p dir=\"ltr\" style=\"text-align: justify;\">Am\u00e9rica Latina destina hoy, en conjunto, m\u00e1s de cuatro puntos de su Producto Interior Bruto (PIB) a la educaci\u00f3n, pero los resultados de las evaluaciones internacionales la colocan muy por debajo del promedio de los pa\u00edses ricos. Adem\u00e1s, se ha avanzado poco en la lucha contra la deserci\u00f3n escolar, otro flagelo regional. Uno de cada seis latinoamericanos abandona el segundo ciclo cada a\u00f1o y en 2010 s\u00f3lo la mitad de los j\u00f3venes de entre 20 y 24 a\u00f1os complet\u00f3 su educaci\u00f3n secundaria, seg\u00fan datos de la Unesco.<\/p>\n","protected":false},"excerpt":{"rendered":"<p>Los pa\u00edses de Am\u00e9rica Latina han hecho \u201cimportantes progresos en expandir la cobertura de sus sistemas educativos\u201d con recursos econ\u00f3micos cada vez m\u00e1s importantes, pero han fallado en la calidad y \u201clos d\u00e9ficits de aprendizaje siguen siendo alarmantes\u201d.<\/p>\n","protected":false},"author":3,"featured_media":0,"comment_status":"open","ping_status":"open","sticky":false,"template":"","format":"standard","meta":{"footnotes":""},"categories":[31],"tags":[],"class_list":["post-27276","post","type-post","status-publish","format-standard","hentry","category-orbe"],"_links":{"self":[{"href":"https:\/\/plazajuarez.mx\/historico\/wp-json\/wp\/v2\/posts\/27276","targetHints":{"allow":["GET"]}}],"collection":[{"href":"https:\/\/plazajuarez.mx\/historico\/wp-json\/wp\/v2\/posts"}],"about":[{"href":"https:\/\/plazajuarez.mx\/historico\/wp-json\/wp\/v2\/types\/post"}],"author":[{"embeddable":true,"href":"https:\/\/plazajuarez.mx\/historico\/wp-json\/wp\/v2\/users\/3"}],"replies":[{"embeddable":true,"href":"https:\/\/plazajuarez.mx\/historico\/wp-json\/wp\/v2\/comments?post=27276"}],"version-history":[{"count":0,"href":"https:\/\/plazajuarez.mx\/historico\/wp-json\/wp\/v2\/posts\/27276\/revisions"}],"wp:attachment":[{"href":"https:\/\/plazajuarez.mx\/historico\/wp-json\/wp\/v2\/media?parent=27276"}],"wp:term":[{"taxonomy":"category","embeddable":true,"href":"https:\/\/plazajuarez.mx\/historico\/wp-json\/wp\/v2\/categories?post=27276"},{"taxonomy":"post_tag","embeddable":true,"href":"https:\/\/plazajuarez.mx\/historico\/wp-json\/wp\/v2\/tags?post=27276"}],"curies":[{"name":"wp","href":"https:\/\/api.w.org\/{rel}","templated":true}]}}