{"id":27272,"date":"2016-08-24T18:46:58","date_gmt":"2016-08-24T18:46:58","guid":{"rendered":"http:\/\/plazajuarez.mx\/index\/index.php\/2016\/08\/24\/convoca-seph-a-concurso-mis-abuelos-lazos-muy-especiales\/"},"modified":"2016-08-24T18:46:58","modified_gmt":"2016-08-24T18:46:58","slug":"convoca-seph-a-concurso-mis-abuelos-lazos-muy-especiales","status":"publish","type":"post","link":"https:\/\/plazajuarez.mx\/historico\/convoca-seph-a-concurso-mis-abuelos-lazos-muy-especiales\/","title":{"rendered":"Convoca SEPH a concurso \u201cMis abuelos\u2026lazos muy especiales\u201d."},"content":{"rendered":"<p style=\"text-align: justify;\">La Secretar\u00eda de Educaci\u00f3n P\u00fablica de Hidalgo (SEPH) lanz\u00f3 hoy la convocatoria dirigida a alumnas y alumnos de instituciones p\u00fablicas y privadas de educaci\u00f3n primaria y secundaria, para participar a trav\u00e9s de una carta o dibujo en el Concurso \u201cMis abuelos\u2026lazos muy especiales\u201d.<\/p>\n<p>  <!--more-->  <\/p>\n<p style=\"text-align: justify;\">La directora general de Proyectos y Programas de Apoyo a la Educaci\u00f3n de la SEPH, Ofelia Gonz\u00e1lez Hern\u00e1ndez, inform\u00f3 que el objetivo del certamen es fortalecer la uni\u00f3n familiar, emplear el lenguaje escrito para comunicarse y como instrumento para aprender.<\/p>\n<p style=\"text-align: justify;\">Indic\u00f3 que podr\u00e1n participar, con trabajos in\u00e9ditos, alumnas y alumnos de escuelas p\u00fablicas y privadas de educaci\u00f3n primaria general e ind\u00edgena, y de secundaria en sus tres modalidades.<\/p>\n<p style=\"text-align: justify;\">Destac\u00f3 que la Categor\u00eda \u201cA\u201d, es para alumnas y alumnos de 4 \u00ba, 5 \u00ba y 6 \u00ba de educaci\u00f3n primaria general e ind\u00edgena; mientras que la Categor\u00eda \u201cB\u201d, es para alumnas y alumnos de 1 \u00ba a 3er grado de educaci\u00f3n secundaria.<\/p>\n<p style=\"text-align: justify;\">De acuerdo con la convocatoria, la carta deber\u00e1 expresar los sentimientos hacia los abuelos o las abuelas, y estar\u00e1 escrita a mano, con tinta, letra clara o en computadora (letra Arial 12, espacio de 1.5). Para primaria la extensi\u00f3n ser\u00e1 de una cuartilla y para secundaria la extensi\u00f3n ser\u00e1 de dos cuartillas. Se entregar\u00e1n\u00a0 dos tantos: una carta se har\u00e1 llegar al abuelo o abuela el \u201cD\u00eda de los abuelos\u201d, y la otra se enviar\u00e1 al concurso.<\/p>\n<p style=\"text-align: justify;\">En lo que respecta al dibujo, se podr\u00e1 realizar con l\u00e1pices de colores, acuarela, cray\u00f3n u \u00f3leo, en cartulina o papel ilustraci\u00f3n, las medidas deber\u00e1n ser de 22 cm x 28 cm. No incluir ning\u00fan tipo de material en relieve, personajes de dibujos animados, historietas, copia de libros, revistas o publicidad.<\/p>\n<p style=\"text-align: justify;\">\u00a0<\/p>\n<p class=\"MsoNoSpacing\" style=\"text-align: justify;\">La fecha l\u00edmite de entrega de las cartas o dibujos es el 23 septiembre, en la Direcci\u00f3n de Educaci\u00f3n Art\u00edstica y Servicios Culturales de la SEPH.<\/p>\n","protected":false},"excerpt":{"rendered":"<p>La Secretar\u00eda de Educaci\u00f3n P\u00fablica de Hidalgo (SEPH) lanz\u00f3 hoy la convocatoria dirigida a alumnas y alumnos de instituciones p\u00fablicas y privadas de educaci\u00f3n primaria y secundaria, para participar a trav\u00e9s de una carta o dibujo en el Concurso \u201cMis abuelos\u2026lazos muy especiales\u201d.<\/p>\n","protected":false},"author":6,"featured_media":0,"comment_status":"open","ping_status":"open","sticky":false,"template":"","format":"standard","meta":{"footnotes":""},"categories":[59],"tags":[],"class_list":["post-27272","post","type-post","status-publish","format-standard","hentry","category-general"],"_links":{"self":[{"href":"https:\/\/plazajuarez.mx\/historico\/wp-json\/wp\/v2\/posts\/27272","targetHints":{"allow":["GET"]}}],"collection":[{"href":"https:\/\/plazajuarez.mx\/historico\/wp-json\/wp\/v2\/posts"}],"about":[{"href":"https:\/\/plazajuarez.mx\/historico\/wp-json\/wp\/v2\/types\/post"}],"author":[{"embeddable":true,"href":"https:\/\/plazajuarez.mx\/historico\/wp-json\/wp\/v2\/users\/6"}],"replies":[{"embeddable":true,"href":"https:\/\/plazajuarez.mx\/historico\/wp-json\/wp\/v2\/comments?post=27272"}],"version-history":[{"count":0,"href":"https:\/\/plazajuarez.mx\/historico\/wp-json\/wp\/v2\/posts\/27272\/revisions"}],"wp:attachment":[{"href":"https:\/\/plazajuarez.mx\/historico\/wp-json\/wp\/v2\/media?parent=27272"}],"wp:term":[{"taxonomy":"category","embeddable":true,"href":"https:\/\/plazajuarez.mx\/historico\/wp-json\/wp\/v2\/categories?post=27272"},{"taxonomy":"post_tag","embeddable":true,"href":"https:\/\/plazajuarez.mx\/historico\/wp-json\/wp\/v2\/tags?post=27272"}],"curies":[{"name":"wp","href":"https:\/\/api.w.org\/{rel}","templated":true}]}}